{"id":46738,"date":"2016-04-07T23:04:35","date_gmt":"2016-04-07T22:04:35","guid":{"rendered":"http:\/\/2horizontes.com\/?p=46738"},"modified":"2016-04-07T23:04:35","modified_gmt":"2016-04-07T22:04:35","slug":"colombia-aprobo-el-matrimonio-de-parejas-del-mismo-sexo","status":"publish","type":"post","link":"https:\/\/2horizontes.com\/?p=46738","title":{"rendered":"Colombia aprob\u00f3 el matrimonio de parejas del mismo sexo"},"content":{"rendered":"<p>La Corte Constitucional de Colombia aprob\u00f3 este jueves en votaci\u00f3n el matrimonio para parejas del mismo sexo en ese pa\u00eds.<\/p>\n<p>En 2011, se reconoci\u00f3 que las parejas del mismo sexo pod\u00edan tener vocaci\u00f3n de conformar un n\u00facleo familiar, lo que dej\u00f3 la inc\u00f3gnita si eso significaba poder contraer matrimonio y adoptar.<\/p>\n<p>En noviembre del a\u00f1o pasado la Corte colombiana a favor de una ponencia que establece que los homosexuales pueden llevar a cabo tr\u00e1mites de adopci\u00f3n, es decir, la medida le permite a las parejas gay adoptar a ni\u00f1os en el sistema del Instituto Colombiano del Bienestar Familiar<\/p>\n<p>El Procurador General de la Naci\u00f3n no est\u00e1 de acuerdo con las interpretaciones a favor del matrimonio igualitario, es por ello que comenz\u00f3 una serie de acciones de persecuci\u00f3n legal contra estas parejas casadas.<\/p>\n<p>Sin embargo, la Corte Constitucional le advirt\u00f3 a la Procuradur\u00eda que no es leg\u00edtima para oponerse a los matrimonios civiles en Colombia.<\/p>\n<p>Por otra parte, Colombia Diversa, una organizaci\u00f3n que defiende los derechos de la comunidad LGBT en Colombia, celebr\u00f3 la decisi\u00f3n en las redes sociales y convoc\u00f3 a una celebraci\u00f3n en Bogot\u00e1 frente a la Corte Constitucional.<\/p>\n","protected":false},"excerpt":{"rendered":"<p>La Corte Constitucional de Colombia aprob\u00f3 este jueves en votaci\u00f3n el matrimonio para parejas del mismo sexo en ese pa\u00eds. En 2011, se reconoci\u00f3 que las parejas del mismo sexo pod\u00edan tener vocaci\u00f3n de conformar un n\u00facleo familiar, lo que dej\u00f3 la inc\u00f3gnita si eso significaba poder contraer matrimonio y adoptar. En noviembre del a\u00f1o [&hellip;]<\/p>\n","protected":false},"author":13240,"featured_media":14635,"comment_status":"open","ping_status":"open","sticky":false,"template":"","format":"standard","meta":{"footnotes":""},"categories":[50,40,57],"tags":[],"class_list":["post-46738","post","type-post","status-publish","format-standard","has-post-thumbnail","hentry","category-colombia","category-internacionales","category-mundo-gay"],"_links":{"self":[{"href":"https:\/\/2horizontes.com\/index.php?rest_route=\/wp\/v2\/posts\/46738","targetHints":{"allow":["GET"]}}],"collection":[{"href":"https:\/\/2horizontes.com\/index.php?rest_route=\/wp\/v2\/posts"}],"about":[{"href":"https:\/\/2horizontes.com\/index.php?rest_route=\/wp\/v2\/types\/post"}],"author":[{"embeddable":true,"href":"https:\/\/2horizontes.com\/index.php?rest_route=\/wp\/v2\/users\/13240"}],"replies":[{"embeddable":true,"href":"https:\/\/2horizontes.com\/index.php?rest_route=%2Fwp%2Fv2%2Fcomments&post=46738"}],"version-history":[{"count":1,"href":"https:\/\/2horizontes.com\/index.php?rest_route=\/wp\/v2\/posts\/46738\/revisions"}],"predecessor-version":[{"id":46739,"href":"https:\/\/2horizontes.com\/index.php?rest_route=\/wp\/v2\/posts\/46738\/revisions\/46739"}],"wp:featuredmedia":[{"embeddable":true,"href":"https:\/\/2horizontes.com\/index.php?rest_route=\/wp\/v2\/media\/14635"}],"wp:attachment":[{"href":"https:\/\/2horizontes.com\/index.php?rest_route=%2Fwp%2Fv2%2Fmedia&parent=46738"}],"wp:term":[{"taxonomy":"category","embeddable":true,"href":"https:\/\/2horizontes.com\/index.php?rest_route=%2Fwp%2Fv2%2Fcategories&post=46738"},{"taxonomy":"post_tag","embeddable":true,"href":"https:\/\/2horizontes.com\/index.php?rest_route=%2Fwp%2Fv2%2Ftags&post=46738"}],"curies":[{"name":"wp","href":"https:\/\/api.w.org\/{rel}","templated":true}]}}