{"id":46673,"date":"2016-04-07T12:13:04","date_gmt":"2016-04-07T11:13:04","guid":{"rendered":"http:\/\/2horizontes.com\/?p=46673"},"modified":"2016-04-07T12:13:04","modified_gmt":"2016-04-07T11:13:04","slug":"denunciado-por-presionar-para-obtener-la-herencia-de-un-paciente-terminal","status":"publish","type":"post","link":"https:\/\/2horizontes.com\/?p=46673","title":{"rendered":"Denunciado por presionar para obtener la herencia de un paciente terminal"},"content":{"rendered":"<p>El presidente de la Corporaci\u00f3 de Salut Maresme y La Selva, Albert Fern\u00e1ndez Terricabras, propuso financiar un centro sanitario con la herencia de uno de sus pacientes, seg\u00fan una denuncia al juzgado de Blanes (Girona). La denuncia pide investigar un delito contra la intimidad de las personas y otro de incitaci\u00f3n a los delitos de coacciones y apropiaci\u00f3n indebida, cometidos presuntamente por Fern\u00e1ndez.<\/p>\n<p>El denunciante -el concejal de Lloret de Mar, de la formaci\u00f3n En Lloret s\u00ed se puede, Paulino Gracia, en la oposici\u00f3n- tambi\u00e9n pide que, por extensi\u00f3n, se investigue a los responsables de la Corporaci\u00f3 por la custodia que llevan a cabo de los datos personales.<\/p>\n<p>Seg\u00fan la denuncia, en una reuni\u00f3n con el ayuntamiento de Lloret de Mar, Fern\u00e1ndez expuso que en el sociosanitario del municipio se estaba muriendo una persona muy rica y sin familia y les propuso que mediaran con el moribundo para heredar y sanear las finanzas. En la reuni\u00f3n estaban presentes el alcalde de Lloret, Jaume Dulsat; el concejal del PP Enric Mart\u00ednez; el de CiU Joan Gou y el de Ciutadans Jordi Hern\u00e1ndez.<\/p>\n<p>Protecci\u00f3n de datos<\/p>\n<p>Esta propuesta de financiaci\u00f3n caus\u00f3 tanta sorpresa que se trat\u00f3 incluso en los plenos de noviembre del 2015 y de febrero del 2016, seg\u00fan las actas de las sesiones que aporta la denuncia. \u00abEstar\u00edamos frente, al menos, a la incitaci\u00f3n a un delito de coacciones (presionar a un moribundo para que otorgue testamento), otro de apropiaci\u00f3n indebida para el Consorcio y entiendo tambi\u00e9n en este caso de Administraci\u00f3n desleal\u00bb, se\u00f1ala la denuncia.<\/p>\n<p>Adem\u00e1s, los datos aportados en la reuni\u00f3n permitir\u00edan identificar al paciente -se trata de un sociosanitario de peque\u00f1o volumen-, lo que vulnerar\u00eda la Ley Org\u00e1nica de Protecci\u00f3n de datos. En este aspecto, el denunciante hace notar su extra\u00f1eza por que un administrador econ\u00f3mico tenga acceso al historial m\u00e9dico (restringido al personal sanitario) y a datos complementarios del patrimonio de un enfermo.<\/p>\n<p>Esta \u00abquiebra\u00bb de la privacidad \u00abpermite se\u00f1alar e identificar p\u00fablicamente a una persona en el \u00faltimo tramo de su vida para expoliarla\u00bb, agrega.<\/p>\n<p>Gracia teme que esta presunta apropiaci\u00f3n de datos, incluso en fraude de leg\u00edtimos herederos, se pueda haber realizado en otros ayuntamientos desde Canet de Mar a Tossa de Mar.<\/p>\n<p>La Corporaci\u00f3n gestiona, adem\u00e1s del sociosanitario de Lloret de Mar, otros dos en Calella y Blanes; dos hospitales comarcales, seis centros de atenci\u00f3n primaria y dos centros de rehabilitaci\u00f3n. Para aclarar los hechos, se pide al juez que tome declaraci\u00f3n a Fern\u00e1ndez y que la Corporaci\u00f3n aporte la relaci\u00f3n de las donaciones o herencias recibidas en los \u00faltimos cinco a\u00f1os.<\/p>\n<p>Tambi\u00e9n pide que se acredite una correcta custodia de los datos personales con los instrumentos que prev\u00e9 la Ley.<\/p>\n<p>El juzgado de Blanes se ha inhibido del caso por competencia territorial y lo ha trasladado al de Arenys de Mar (Maresme).<\/p>\n","protected":false},"excerpt":{"rendered":"<p>El presidente de la Corporaci\u00f3 de Salut Maresme y La Selva, Albert Fern\u00e1ndez Terricabras, propuso financiar un centro sanitario con la herencia de uno de sus pacientes, seg\u00fan una denuncia al juzgado de Blanes (Girona). La denuncia pide investigar un delito contra la intimidad de las personas y otro de incitaci\u00f3n a los delitos de [&hellip;]<\/p>\n","protected":false},"author":3,"featured_media":46674,"comment_status":"open","ping_status":"open","sticky":false,"template":"","format":"standard","meta":{"footnotes":""},"categories":[85],"tags":[],"class_list":["post-46673","post","type-post","status-publish","format-standard","has-post-thumbnail","hentry","category-espana"],"_links":{"self":[{"href":"https:\/\/2horizontes.com\/index.php?rest_route=\/wp\/v2\/posts\/46673","targetHints":{"allow":["GET"]}}],"collection":[{"href":"https:\/\/2horizontes.com\/index.php?rest_route=\/wp\/v2\/posts"}],"about":[{"href":"https:\/\/2horizontes.com\/index.php?rest_route=\/wp\/v2\/types\/post"}],"author":[{"embeddable":true,"href":"https:\/\/2horizontes.com\/index.php?rest_route=\/wp\/v2\/users\/3"}],"replies":[{"embeddable":true,"href":"https:\/\/2horizontes.com\/index.php?rest_route=%2Fwp%2Fv2%2Fcomments&post=46673"}],"version-history":[{"count":1,"href":"https:\/\/2horizontes.com\/index.php?rest_route=\/wp\/v2\/posts\/46673\/revisions"}],"predecessor-version":[{"id":46675,"href":"https:\/\/2horizontes.com\/index.php?rest_route=\/wp\/v2\/posts\/46673\/revisions\/46675"}],"wp:featuredmedia":[{"embeddable":true,"href":"https:\/\/2horizontes.com\/index.php?rest_route=\/wp\/v2\/media\/46674"}],"wp:attachment":[{"href":"https:\/\/2horizontes.com\/index.php?rest_route=%2Fwp%2Fv2%2Fmedia&parent=46673"}],"wp:term":[{"taxonomy":"category","embeddable":true,"href":"https:\/\/2horizontes.com\/index.php?rest_route=%2Fwp%2Fv2%2Fcategories&post=46673"},{"taxonomy":"post_tag","embeddable":true,"href":"https:\/\/2horizontes.com\/index.php?rest_route=%2Fwp%2Fv2%2Ftags&post=46673"}],"curies":[{"name":"wp","href":"https:\/\/api.w.org\/{rel}","templated":true}]}}