{"id":46657,"date":"2016-04-07T06:16:08","date_gmt":"2016-04-07T05:16:08","guid":{"rendered":"http:\/\/2horizontes.com\/?p=46657"},"modified":"2016-04-07T06:16:08","modified_gmt":"2016-04-07T05:16:08","slug":"policias-de-rd-y-de-otros-12-paises-se-reuniran-en-costa-rica-para-abordar-lucha-contra-crimen-organizado","status":"publish","type":"post","link":"https:\/\/2horizontes.com\/?p=46657","title":{"rendered":"Polic\u00edas de RD y de otros 12 pa\u00edses se reunir\u00e1n en Costa Rica para abordar lucha contra crimen organizado"},"content":{"rendered":"<div id=\"ArticleAuthorDiv\" class=\"article-body-author\"><b>EFE<\/b><\/div>\n<div id=\"ArticleSourceDiv\" class=\"article-body-author\"><b>San Jos\u00e9<\/b><\/div>\n<div id=\"ArticleBody\">\n<p>Representantes policiales de 13 pa\u00edses de Am\u00e9rica se reunir\u00e1n a partir de este jueves en Costa Rica para analizar medidas que permitan fortalecer la lucha regional contra el crimen organizado mediante el intercambio de experiencias y mecanismos de cooperaci\u00f3n.<\/p>\n<p>Los polic\u00edas se reunir\u00e1n durante dos d\u00edas en la Conferencia Centroamericana de Seguridad (CENTSEC), que se realiza una vez al a\u00f1o y que pretende articular esfuerzos para un mejor combate del crimen organizado y el narcotr\u00e1fico.<\/p>\n<p>Durante el evento se abordar\u00e1n temas como los derechos humanos, las organizaciones criminales trasnacionales y el da\u00f1o que hacen a las sociedades, as\u00ed como la violencia y la corrupci\u00f3n que causa el narcotr\u00e1fico en la regi\u00f3n centroamericana.<\/p>\n<p>Participar\u00e1n representantes de Costa Rica, Honduras, Guatemala, Nicaragua, Panam\u00e1, Belice, El Salvador, Rep\u00fablica Dominicana, Estados Unidos, M\u00e9xico, Canad\u00e1, Colombia y Chile.<\/p>\n<p>El evento, cuyo lema es \u00abEl fomento de la cooperaci\u00f3n contra las amenazas trasnacionales\u00bb, ser\u00e1 inaugurado por el presidente de Costa Rica, Luis Guillermo Sol\u00eds, y el ministro de Seguridad P\u00fablica, Gustavo Mata.<\/p>\n<p>El embajador de Estados Unidos en Costa Rica, Fitzgerald Haney, public\u00f3 ayer un art\u00edculo de opini\u00f3n en el diario La Naci\u00f3n, en el que destac\u00f3 la importancia de este evento, as\u00ed como de la cooperaci\u00f3n en materia de Seguridad que su pa\u00eds ha brindado a Costa Rica en los \u00faltimos a\u00f1os.<\/p>\n<p>\u00abEsta semana Estados Unidos tiene el honor de ser coanfitri\u00f3n junto con Costa Rica de una conversaci\u00f3n entre todos los l\u00edderes de seguridad de Centroam\u00e9rica (&#8230;) a la vez Costa Rica deja claro su liderazgo en seguridad ciudadana y lucha contra el crimen organizado y el narcotr\u00e1fico\u00bb, expres\u00f3 el diplom\u00e1tico.<\/p>\n<p>El ministro Mata explic\u00f3 el lunes al anunciar el evento, que el objetivo es \u00abver buenas pr\u00e1cticas que se vienen desarrollando y alinear objetivos con un fin com\u00fan\u00bb.<\/p>\n<p>Seg\u00fan el funcionario, la \u00fanica manera de enfrentar el crimen organizado en la regi\u00f3n es \u00abtrabajar en bloque entre pa\u00edses amigos\u00bb y que las naciones \u00abcon mayor capacidad econ\u00f3mica y log\u00edstica\u00bb ayuden a los dem\u00e1s.<\/p>\n<p>\u00abEste encuentro con los pa\u00edses de la regi\u00f3n nos permite estrechar la cooperaci\u00f3n y reflexionar sobre c\u00f3mo responder de la mejor forma a las amenazas que enfrentamos, sobre todo las que est\u00e1n relacionadas con el crimen organizado\u00bb, asegur\u00f3 Mata.<\/p>\n<\/div>\n","protected":false},"excerpt":{"rendered":"<p>EFE San Jos\u00e9 Representantes policiales de 13 pa\u00edses de Am\u00e9rica se reunir\u00e1n a partir de este jueves en Costa Rica para analizar medidas que permitan fortalecer la lucha regional contra el crimen organizado mediante el intercambio de experiencias y mecanismos de cooperaci\u00f3n. Los polic\u00edas se reunir\u00e1n durante dos d\u00edas en la Conferencia Centroamericana de Seguridad [&hellip;]<\/p>\n","protected":false},"author":7,"featured_media":46658,"comment_status":"open","ping_status":"open","sticky":false,"template":"","format":"standard","meta":{"footnotes":""},"categories":[40,44],"tags":[],"class_list":["post-46657","post","type-post","status-publish","format-standard","has-post-thumbnail","hentry","category-internacionales","category-republica-dominicana"],"_links":{"self":[{"href":"https:\/\/2horizontes.com\/index.php?rest_route=\/wp\/v2\/posts\/46657","targetHints":{"allow":["GET"]}}],"collection":[{"href":"https:\/\/2horizontes.com\/index.php?rest_route=\/wp\/v2\/posts"}],"about":[{"href":"https:\/\/2horizontes.com\/index.php?rest_route=\/wp\/v2\/types\/post"}],"author":[{"embeddable":true,"href":"https:\/\/2horizontes.com\/index.php?rest_route=\/wp\/v2\/users\/7"}],"replies":[{"embeddable":true,"href":"https:\/\/2horizontes.com\/index.php?rest_route=%2Fwp%2Fv2%2Fcomments&post=46657"}],"version-history":[{"count":1,"href":"https:\/\/2horizontes.com\/index.php?rest_route=\/wp\/v2\/posts\/46657\/revisions"}],"predecessor-version":[{"id":46659,"href":"https:\/\/2horizontes.com\/index.php?rest_route=\/wp\/v2\/posts\/46657\/revisions\/46659"}],"wp:featuredmedia":[{"embeddable":true,"href":"https:\/\/2horizontes.com\/index.php?rest_route=\/wp\/v2\/media\/46658"}],"wp:attachment":[{"href":"https:\/\/2horizontes.com\/index.php?rest_route=%2Fwp%2Fv2%2Fmedia&parent=46657"}],"wp:term":[{"taxonomy":"category","embeddable":true,"href":"https:\/\/2horizontes.com\/index.php?rest_route=%2Fwp%2Fv2%2Fcategories&post=46657"},{"taxonomy":"post_tag","embeddable":true,"href":"https:\/\/2horizontes.com\/index.php?rest_route=%2Fwp%2Fv2%2Ftags&post=46657"}],"curies":[{"name":"wp","href":"https:\/\/api.w.org\/{rel}","templated":true}]}}