{"id":46636,"date":"2016-04-07T05:56:23","date_gmt":"2016-04-07T04:56:23","guid":{"rendered":"http:\/\/2horizontes.com\/?p=46636"},"modified":"2016-04-07T05:56:23","modified_gmt":"2016-04-07T04:56:23","slug":"las-farc-urgen-al-gobierno-a-alcanzar-pronto-un-acuerdo-sobre-paramilitarismo","status":"publish","type":"post","link":"https:\/\/2horizontes.com\/?p=46636","title":{"rendered":"Las FARC urgen al Gobierno a alcanzar pronto un acuerdo sobre paramilitarismo"},"content":{"rendered":"<div id=\"ArticleAuthorDiv\" class=\"article-body-author\"><b>EFE<\/b><\/div>\n<div id=\"ArticleSourceDiv\" class=\"article-body-author\"><b>La Habana<\/b><\/div>\n<div id=\"ArticleBody\">\n<p>Las FARC urgieron ayer, en el inicio de un nuevo ciclo de conversaciones en La Habana, al Gobierno de Juan Manuel Santos a alcanzar cuanto antes un acuerdo sobre paramilitarismo y garant\u00edas de seguridad, ya que consideran que es un problema que amenaza la paz en Colombia.<\/p>\n<p>\u00abNo puede postergarse m\u00e1s en la mesa de La Habana el acuerdo sobre paramilitarismo y garant\u00edas de seguridad (&#8230;). Con grupos paramilitares, con cr\u00edmenes y atentados, con amenazas y terror no puede materializarse la paz\u00bb, afirm\u00f3 ayer la insurgencia en un comunicado le\u00eddo por el jefe guerrillero \u00abPablo Catatumbo\u00bb, alias de Jorge Torres Victoria.<\/p>\n<p>Los equipos negociadores del Gobierno y de las Fuerzas Armadas Revolucionarias de Colombia (FARC) retomaron este mi\u00e9rcoles en la capital cubana los di\u00e1logos de paz, despu\u00e9s de haber incumplido el plazo que se impusieron del 23 de marzo para la firma del acuerdo final, por diferencias en temas como la dejaci\u00f3n de armas.<\/p>\n<p>Las FARC insistieron en que el paramilitarismo \u00abno es ning\u00fan fantasma invocado por la insurgencia\u00bb, ni una \u00abuna elucubraci\u00f3n dilatoria para postergar la paz\u00bb, sino una \u00abrealidad fehaciente\u00bb que busca \u00abatravesarse\u00bb en el logro de un acuerdo final e \u00abintimidar a los amigos de la soluci\u00f3n pol\u00edtica\u00bb.<\/p>\n<p>\u00abNadie en Colombia se traga el cuento de una casual coincidencia entre el paro paramilitar y el llamado de la ultraderecha a una marcha nacional contra el proceso de paz\u00bb, indic\u00f3 Catatumbo sobre las marchas de protesta contra Santos y el proceso de paz organizadas por la oposici\u00f3n que encabeza el expresidente \u00c1lvaro Uribe.<\/p>\n<p>Catatumbo indic\u00f3 que ese \u00abparo forzado\u00bb puso en evidencia el \u00abrepugnante v\u00ednculo\u00bb del paramilitarismo con \u00absectores pol\u00edticos, econ\u00f3micos, militares y de gobierno, en medio del negacionismo de la administraci\u00f3n nacional\u00bb.<\/p>\n<p>Seg\u00fan la guerrilla, el paramilitarismo \u00abes la expresi\u00f3n armada de un pensamiento y una corriente pol\u00edtica que hecho de la guerra y el terror su principal medio de enriquecimiento\u00bb.<\/p>\n<p>La guerrilla tambi\u00e9n denunci\u00f3 que, durante el actual gobierno del presidente Santos, 346 integrantes de organizaciones sociales y populares han sido asesinados, entre ellos 112 del Movimiento Pol\u00edtico y Social Marcha Patri\u00f3tica, a lo que se suman \u00abmiles de amenazados\u00bb.<\/p>\n<p>\u00abEs claro que los mismos intereses econ\u00f3micos y pol\u00edticos que engendraron el monstruo paramilitar, contin\u00faan actuando hoy libre e impunemente. Sus arietes pol\u00edticos y de la gran prensa pretenden crear un clima de intolerancia, odio e incitaci\u00f3n que sirva de pr\u00f3ximo escenario al esperado exterminio pol\u00edtico\u00bb, se\u00f1al\u00f3.<\/p>\n<\/div>\n","protected":false},"excerpt":{"rendered":"<p>EFE La Habana Las FARC urgieron ayer, en el inicio de un nuevo ciclo de conversaciones en La Habana, al Gobierno de Juan Manuel Santos a alcanzar cuanto antes un acuerdo sobre paramilitarismo y garant\u00edas de seguridad, ya que consideran que es un problema que amenaza la paz en Colombia. \u00abNo puede postergarse m\u00e1s en [&hellip;]<\/p>\n","protected":false},"author":7,"featured_media":46637,"comment_status":"open","ping_status":"open","sticky":false,"template":"","format":"standard","meta":{"footnotes":""},"categories":[50,49,40],"tags":[],"class_list":["post-46636","post","type-post","status-publish","format-standard","has-post-thumbnail","hentry","category-colombia","category-cuba","category-internacionales"],"_links":{"self":[{"href":"https:\/\/2horizontes.com\/index.php?rest_route=\/wp\/v2\/posts\/46636","targetHints":{"allow":["GET"]}}],"collection":[{"href":"https:\/\/2horizontes.com\/index.php?rest_route=\/wp\/v2\/posts"}],"about":[{"href":"https:\/\/2horizontes.com\/index.php?rest_route=\/wp\/v2\/types\/post"}],"author":[{"embeddable":true,"href":"https:\/\/2horizontes.com\/index.php?rest_route=\/wp\/v2\/users\/7"}],"replies":[{"embeddable":true,"href":"https:\/\/2horizontes.com\/index.php?rest_route=%2Fwp%2Fv2%2Fcomments&post=46636"}],"version-history":[{"count":1,"href":"https:\/\/2horizontes.com\/index.php?rest_route=\/wp\/v2\/posts\/46636\/revisions"}],"predecessor-version":[{"id":46638,"href":"https:\/\/2horizontes.com\/index.php?rest_route=\/wp\/v2\/posts\/46636\/revisions\/46638"}],"wp:featuredmedia":[{"embeddable":true,"href":"https:\/\/2horizontes.com\/index.php?rest_route=\/wp\/v2\/media\/46637"}],"wp:attachment":[{"href":"https:\/\/2horizontes.com\/index.php?rest_route=%2Fwp%2Fv2%2Fmedia&parent=46636"}],"wp:term":[{"taxonomy":"category","embeddable":true,"href":"https:\/\/2horizontes.com\/index.php?rest_route=%2Fwp%2Fv2%2Fcategories&post=46636"},{"taxonomy":"post_tag","embeddable":true,"href":"https:\/\/2horizontes.com\/index.php?rest_route=%2Fwp%2Fv2%2Ftags&post=46636"}],"curies":[{"name":"wp","href":"https:\/\/api.w.org\/{rel}","templated":true}]}}