{"id":46633,"date":"2016-04-07T05:53:59","date_gmt":"2016-04-07T04:53:59","guid":{"rendered":"http:\/\/2horizontes.com\/?p=46633"},"modified":"2016-04-07T05:53:59","modified_gmt":"2016-04-07T04:53:59","slug":"gobierno-de-haiti-se-reunio-para-buscar-freno-a-la-crisis-politica-y-economica","status":"publish","type":"post","link":"https:\/\/2horizontes.com\/?p=46633","title":{"rendered":"Gobierno de Hait\u00ed se reuni\u00f3 para buscar freno a la crisis pol\u00edtica y econ\u00f3mica"},"content":{"rendered":"<div id=\"ArticleAuthorDiv\" class=\"article-body-author\"><b>EFE<\/b><\/div>\n<div id=\"ArticleSourceDivMail\" class=\"article-body-author\"><b>Puerto Pr\u00edncipe<\/b><\/div>\n<div id=\"ArticleSourceDiv\" class=\"article-body-author\"><\/div>\n<div id=\"ArticleBody\">\n<p>El gobierno de Hait\u00ed en pleno, encabezado por el primer ministro de la Rep\u00fablica, Enex Charles, se reuni\u00f3 ayer para analizar y buscar una estrategia que frene la crisis econ\u00f3mica y pol\u00edtica que vive el pa\u00eds.<\/p>\n<p>Ante todos los ministros de su gobierno, Charles exhort\u00f3 a la responsabilidad de cada uno de los titulares, inst\u00e1ndolos a \u00abtrabajar para el bien del pa\u00eds; tenemos una tarea muy grande y tenemos que estar al nivel de la circunstancias para responder con coherencia a la crisis\u00bb.<\/p>\n<p>\u00abEstamos en un momento especial y tenemos que dar la cara por el pueblo y por el futuro del pa\u00eds\u00bb, apunt\u00f3 el primer ministro.<\/p>\n<p>Tras concluir la reuni\u00f3n, Charles dijo a la prensa que se respetar\u00e1 el acuerdo firmado el pasado 6 de febrero entre el Parlamento y el presidente del pa\u00eds Michel Martelly para buscar una salida a la crisis electoral, un d\u00eda antes de que concluyera la gesti\u00f3n del exmandatario, cuyo sucesor no ha sido elegido debido a la crisis electoral y pol\u00edtica de la naci\u00f3n.<\/p>\n<p>\u00abNuestra prioridad est\u00e1 clara, que es la continuidad del proceso electoral. Estamos abierto para un tipo de verificaci\u00f3n electoral para facilitar la continuidad del proceso electoral del a\u00f1o pasado\u00bb, declar\u00f3 el primer ministro interino a la prensa.<\/p>\n<p>Despu\u00e9s de hoy, afirm\u00f3, \u00abestaremos trabajando en un nuevo proceso de rectificaci\u00f3n para responder a las exigencias de la crisis. Tenemos que trabajar en la coherencia y dar prioridad a los problemas urgentes\u00bb.<\/p>\n<p>A la vez, asegur\u00f3, que el Gobierno \u00abest\u00e1 trabajando para satisfacer las demandas frente a la situaci\u00f3n especial que enfrentamos\u00bb.<\/p>\n<p>\u00abTodos actores pol\u00edticos deben poner las manos para evitar una crisis m\u00e1s grande de la que estamos viviendo\u00bb, concluy\u00f3.<\/p>\n<p>Por su parte, el ministro de Econom\u00eda y Finanzas, Yves Romain Bastien, hizo una presentaci\u00f3n muy sombr\u00eda sobre el estado de finanzas del pa\u00eds.<\/p>\n<p>\u00abEstamos a poco m\u00e1s de la mitad del a\u00f1o fiscal y ya gastamos el 80 por ciento del presupuesto\u00bb, se\u00f1al\u00f3 Bastien, que explic\u00f3 que \u00abtoda la ayuda externa que deber\u00edamos recibir para complementar el presupuesto est\u00e1 bloqueada, ya que nuestro aliados internacionales no han aportado las contribuciones por la crisis pol\u00edtica que vive el pa\u00eds.\u00bb<\/p>\n<p>Ante esta grave situaci\u00f3n, \u00abtenemos que determinar la prioridad de los gastos y ser m\u00e1s responsables para evitar que empeore la crisis\u00bb, expres\u00f3.<\/p>\n<p>Asimismo, Romain reconoci\u00f3 que desde la administraci\u00f3n \u00abhicimos muchas inversiones sin pensar claramente en las prioridades hoy estamos pagando el precio\u00bb de esas decisiones.<\/p>\n<p>El presidente interino de la Rep\u00fablica, Jocelerme Privert, que tambi\u00e9n participa en la reuni\u00f3n destac\u00f3 que, \u00abno podemos fallar, tenemos todo un pa\u00eds que cuenta en nosotros; debemos ser m\u00e1s responsables y dinamizar el trabajo\u00bb para frenar la crisis.<\/p>\n<p>Hait\u00ed vivi\u00f3 una crisis por el aplazamiento de los comicios presidenciales que concluy\u00f3 el pasado 14 de febrero con el nombramiento de Jocelerme Privert, entonces titular del Senado, como presidente interino tras concluir una semana antes el periodo de Gobierno de Martelly, sin que se eligiera a su sucesor.<\/p>\n<p>El martes, el nuevo Consejo Electoral Provisional (CEP) de Hait\u00ed dej\u00f3 en suspenso la nueva fecha acordada para la segunda ronda de las elecciones presidenciales, que hab\u00eda sido definida para el pr\u00f3ximo 24 de abril, debido a problemas pol\u00edticos y financieros.<\/p>\n<\/div>\n","protected":false},"excerpt":{"rendered":"<p>EFE Puerto Pr\u00edncipe El gobierno de Hait\u00ed en pleno, encabezado por el primer ministro de la Rep\u00fablica, Enex Charles, se reuni\u00f3 ayer para analizar y buscar una estrategia que frene la crisis econ\u00f3mica y pol\u00edtica que vive el pa\u00eds. Ante todos los ministros de su gobierno, Charles exhort\u00f3 a la responsabilidad de cada uno de [&hellip;]<\/p>\n","protected":false},"author":7,"featured_media":46634,"comment_status":"open","ping_status":"open","sticky":false,"template":"","format":"standard","meta":{"footnotes":""},"categories":[47,40,43],"tags":[],"class_list":["post-46633","post","type-post","status-publish","format-standard","has-post-thumbnail","hentry","category-haiti","category-internacionales","category-politica"],"_links":{"self":[{"href":"https:\/\/2horizontes.com\/index.php?rest_route=\/wp\/v2\/posts\/46633","targetHints":{"allow":["GET"]}}],"collection":[{"href":"https:\/\/2horizontes.com\/index.php?rest_route=\/wp\/v2\/posts"}],"about":[{"href":"https:\/\/2horizontes.com\/index.php?rest_route=\/wp\/v2\/types\/post"}],"author":[{"embeddable":true,"href":"https:\/\/2horizontes.com\/index.php?rest_route=\/wp\/v2\/users\/7"}],"replies":[{"embeddable":true,"href":"https:\/\/2horizontes.com\/index.php?rest_route=%2Fwp%2Fv2%2Fcomments&post=46633"}],"version-history":[{"count":1,"href":"https:\/\/2horizontes.com\/index.php?rest_route=\/wp\/v2\/posts\/46633\/revisions"}],"predecessor-version":[{"id":46635,"href":"https:\/\/2horizontes.com\/index.php?rest_route=\/wp\/v2\/posts\/46633\/revisions\/46635"}],"wp:featuredmedia":[{"embeddable":true,"href":"https:\/\/2horizontes.com\/index.php?rest_route=\/wp\/v2\/media\/46634"}],"wp:attachment":[{"href":"https:\/\/2horizontes.com\/index.php?rest_route=%2Fwp%2Fv2%2Fmedia&parent=46633"}],"wp:term":[{"taxonomy":"category","embeddable":true,"href":"https:\/\/2horizontes.com\/index.php?rest_route=%2Fwp%2Fv2%2Fcategories&post=46633"},{"taxonomy":"post_tag","embeddable":true,"href":"https:\/\/2horizontes.com\/index.php?rest_route=%2Fwp%2Fv2%2Ftags&post=46633"}],"curies":[{"name":"wp","href":"https:\/\/api.w.org\/{rel}","templated":true}]}}