{"id":46612,"date":"2016-04-06T17:10:39","date_gmt":"2016-04-06T16:10:39","guid":{"rendered":"http:\/\/2horizontes.com\/?p=46612"},"modified":"2016-04-06T17:10:39","modified_gmt":"2016-04-06T16:10:39","slug":"la-familia-del-menor-acosado-por-una-conserje-dice-que-el-centro-silencio-el-caso","status":"publish","type":"post","link":"https:\/\/2horizontes.com\/?p=46612","title":{"rendered":"La familia del menor acosado por una conserje dice que el centro silenci\u00f3 el caso"},"content":{"rendered":"<p>La familia del menor que denunci\u00f3 por acoso sexual a la conserje del IES Juan Manuel Zafra del barrio del Clot, en Barcelona, asegura en un comunicado que ha adelantado esta ma\u00f1ana el programa \u2018El M\u00f3n a RAC1\u2019 que el Instituto quiso silenciar el caso y tom\u00f3 represalias contra el alumno y contras dos profesores que le ayudaron a denunciar ante el centro a la presunta acosadora.<\/p>\n<p>La familia asegura que el 23 de marzo de 2015 contaron a la jefe de estudios del Instituto que consideraban que la conserje acosaba al menor, que entonces ten\u00eda 15 a\u00f1os. Incluso indicaron que ten\u00edan pruebas: los mensajes de Facebook, de Whatsapp y correos electr\u00f3nicos enviados por la trabajadora, de 40 a\u00f1os, al menor. La respuesta del centro, seg\u00fan la familia, fue poner en duda las palabras del menor.<\/p>\n<p>Dos d\u00edas m\u00e1s tarde, cuando una profesora que apoy\u00f3 la denuncia del alumno present\u00f3 todas las pruebas que demostrar\u00edan el acoso, la direcci\u00f3n habr\u00eda respondido que \u201cno pod\u00edan hacer nada\u201d. La familia tambi\u00e9n afirma que, en un encuentro posterior con el inspector de educaci\u00f3n, la directora del IES Juan Manuel Zafra se neg\u00f3 a darle estas pruebas -las cartas y correos electr\u00f3nicos que la presunta acosadora escrib\u00eda al chico-<\/p>\n<p>Represalias<\/p>\n<p>En el comunicado de la familia, avanzado por RAC1, tambi\u00e9n se explica que la conserje fue al instituto de visita cuando hac\u00eda un mes y medio que la hab\u00edan apartado del centro y permaneci\u00f3 en el centro unas tres horas.<\/p>\n<p>Adem\u00e1s, se denuncian represalias del centro contra el menor y contra los dos profesores que ayudaron a sacar a la luz la situaci\u00f3n. Al alumno le habr\u00edan falsificado las notas como castigo, suspendi\u00e9ndose una asignatura arbitrariamente; uno de los docentes est\u00e1 expedientado y suspendido; y la otra cogi\u00f3 la baja por acoso laboral por parte de algunos profesores, un asunto que tambi\u00e9n est\u00e1 denunciado ante Consorcio el Consorcio de Educaci\u00f3n de Barcelona.<\/p>\n<p>No obstante, este ente p\u00fablico asegur\u00f3 ayer en otro comunicado que tanto el centro como el propio Consorcio estuvieron al lado del alumno en todo momento y actuaron \u201cde forma inmediata para proteger al menor\u201d. Aun as\u00ed, el Consorcio no notific\u00f3 el caso ni a la Fiscal\u00eda ni a la Direcci\u00f3n General de Atenci\u00f3n a la Infancia y la Adolescencia (DGAIA) porque \u201cel menor no necesitaba ser protegido de su entorno familiar\u201d.<\/p>\n","protected":false},"excerpt":{"rendered":"<p>La familia del menor que denunci\u00f3 por acoso sexual a la conserje del IES Juan Manuel Zafra del barrio del Clot, en Barcelona, asegura en un comunicado que ha adelantado esta ma\u00f1ana el programa \u2018El M\u00f3n a RAC1\u2019 que el Instituto quiso silenciar el caso y tom\u00f3 represalias contra el alumno y contras dos profesores [&hellip;]<\/p>\n","protected":false},"author":3,"featured_media":46613,"comment_status":"open","ping_status":"open","sticky":false,"template":"","format":"standard","meta":{"footnotes":""},"categories":[85],"tags":[],"class_list":["post-46612","post","type-post","status-publish","format-standard","has-post-thumbnail","hentry","category-espana"],"_links":{"self":[{"href":"https:\/\/2horizontes.com\/index.php?rest_route=\/wp\/v2\/posts\/46612","targetHints":{"allow":["GET"]}}],"collection":[{"href":"https:\/\/2horizontes.com\/index.php?rest_route=\/wp\/v2\/posts"}],"about":[{"href":"https:\/\/2horizontes.com\/index.php?rest_route=\/wp\/v2\/types\/post"}],"author":[{"embeddable":true,"href":"https:\/\/2horizontes.com\/index.php?rest_route=\/wp\/v2\/users\/3"}],"replies":[{"embeddable":true,"href":"https:\/\/2horizontes.com\/index.php?rest_route=%2Fwp%2Fv2%2Fcomments&post=46612"}],"version-history":[{"count":1,"href":"https:\/\/2horizontes.com\/index.php?rest_route=\/wp\/v2\/posts\/46612\/revisions"}],"predecessor-version":[{"id":46614,"href":"https:\/\/2horizontes.com\/index.php?rest_route=\/wp\/v2\/posts\/46612\/revisions\/46614"}],"wp:featuredmedia":[{"embeddable":true,"href":"https:\/\/2horizontes.com\/index.php?rest_route=\/wp\/v2\/media\/46613"}],"wp:attachment":[{"href":"https:\/\/2horizontes.com\/index.php?rest_route=%2Fwp%2Fv2%2Fmedia&parent=46612"}],"wp:term":[{"taxonomy":"category","embeddable":true,"href":"https:\/\/2horizontes.com\/index.php?rest_route=%2Fwp%2Fv2%2Fcategories&post=46612"},{"taxonomy":"post_tag","embeddable":true,"href":"https:\/\/2horizontes.com\/index.php?rest_route=%2Fwp%2Fv2%2Ftags&post=46612"}],"curies":[{"name":"wp","href":"https:\/\/api.w.org\/{rel}","templated":true}]}}