{"id":46595,"date":"2016-04-06T07:11:06","date_gmt":"2016-04-06T06:11:06","guid":{"rendered":"http:\/\/2horizontes.com\/?p=46595"},"modified":"2016-04-06T07:11:06","modified_gmt":"2016-04-06T06:11:06","slug":"panama-papers-fundador-de-mossack-fonseca-dice-fueron-hackeados-por-servidores-en-el-extranjero","status":"publish","type":"post","link":"https:\/\/2horizontes.com\/?p=46595","title":{"rendered":"Panam\u00e1 Papers: fundador de Mossack Fonseca dice fueron \u00abhackeados por servidores en el extranjero\u00bb"},"content":{"rendered":"<p><strong>Panam\u00e1<\/strong><\/p>\n<p>Ram\u00f3n Fonseca Mora, uno de los fundadores de la firma involucrada en el esc\u00e1ndalo Panam\u00e1 Papers que revel\u00f3 empresas off shore y referentes pol\u00edticos de todo el mundo involucrados con el lavado de activos, <b>denunci\u00f3 que su empresa fue \u00abhackeada\u00bb por servidores en el extranjero<\/b>.<\/p>\n<div><\/div>\n<div>El titular de la firma realiz\u00f3 una denuncia penal ante la Fiscal\u00eda de Panam\u00e1 este lunes y asegur\u00f3 que \u00abnadie est\u00e1 hablando del hackeo, y <b>es el \u00fanico crimen que se ha cometido<\/b>\u00ab.<\/div>\n<div><\/div>\n<div>\n<div id=\"2204962-Grande-1071800275_wrap\" class=\"embed_cont type_imagen\">\n<div id=\"2204962-Grande-1071800275_content\" class=\"embed_content\"><img decoding=\"async\" id=\"2204962-Grande-1071800275_embed\" src=\"http:\/\/cdn01.am.infobae.com\/adjuntos\/163\/imagenes\/014\/528\/0014528277.jpg?0000-00-00-00-00-00\" alt=\"\" \/><\/div>\n<div id=\"2204962-Grande-1071800275_epigrafe\" class=\"embed_epigrafe\"><\/div>\n<div id=\"2204962-Grande-1071800275_copyright\" class=\"embed_copyright\">Reuters<\/div>\n<\/div>\n<\/div>\n<div><\/div>\n<div>En di\u00e1logo con la agencia de noticias <i>AFP<\/i>, Fonseca Mora confirm\u00f3 que presentaron un escrito ante las autoridades ya que <b>cuentan con un \u00abinforme t\u00e9cnico\u00bb que dice que la informaci\u00f3n divulgada fue obtenida al ser \u00abhackeados por servidores extranjeros\u00bb<\/b>.<\/div>\n<div><\/div>\n<div>\n<div>La firma de abogados Mossack Fonseca qued\u00f3 involucrada por su activa participaci\u00f3n en la creaci\u00f3n de empresas off shore que fueron divulgadas en la publicaci\u00f3n del pasado domingo de los llamados Panam\u00e1 Papers.<\/div>\n<div><\/div>\n<div>Esas revelaciones han puesto en tela de juicio la imagen del pa\u00eds centroamericano y de su sistema financiero, acusado de ser un para\u00edso fiscal.<\/div>\n<div><\/div>\n<div>\n<div id=\"2205570-Grande-775382687_wrap\" class=\"embed_cont type_imagen\">\n<div id=\"2205570-Grande-775382687_content\" class=\"embed_content\"><img decoding=\"async\" id=\"2205570-Grande-775382687_embed\" src=\"http:\/\/cdn01.am.infobae.com\/adjuntos\/163\/imagenes\/014\/533\/0014533245.gif?0000-00-00-00-00-00\" alt=\"\" \/><\/div>\n<\/div>\n<\/div>\n<div><\/div>\n<div>\u00abNo entendemos. <b>El mundo acepta ya que la privacidad no es un derecho humano<\/b>\u00ab, indic\u00f3 Fonseca.<\/div>\n<div><\/div>\n<div>A ra\u00edz del esc\u00e1ndalo desatado a nivel global, Francia anunci\u00f3 que volver\u00eda a<b> incluir a Panam\u00e1 en una lista gris de pa\u00edses no cooperadores en materia de informaci\u00f3n fiscal<\/b>, mientras que ha provocado tambi\u00e9n duras reacciones de la Organizaci\u00f3n para la Cooperaci\u00f3n y el Desarrollo Econ\u00f3mico (OCDE).<\/div>\n<div><\/div>\n<div>Por su parte, Panam\u00e1 amenaz\u00f3 a Francia con tomar represalias si es puesta nuevamente en esa categor\u00eda, mientras fustig\u00f3 tambi\u00e9n al organismo y lo acus\u00f3 de tener un discurso injusto y discriminatorio.<\/div>\n<\/div>\n<div><\/div>\n<div>F. Infobae.<\/div>\n","protected":false},"excerpt":{"rendered":"<p>Panam\u00e1 Ram\u00f3n Fonseca Mora, uno de los fundadores de la firma involucrada en el esc\u00e1ndalo Panam\u00e1 Papers que revel\u00f3 empresas off shore y referentes pol\u00edticos de todo el mundo involucrados con el lavado de activos, denunci\u00f3 que su empresa fue \u00abhackeada\u00bb por servidores en el extranjero. El titular de la firma realiz\u00f3 una denuncia penal [&hellip;]<\/p>\n","protected":false},"author":7,"featured_media":46596,"comment_status":"open","ping_status":"open","sticky":false,"template":"","format":"standard","meta":{"footnotes":""},"categories":[63,40],"tags":[],"class_list":["post-46595","post","type-post","status-publish","format-standard","has-post-thumbnail","hentry","category-economia","category-internacionales"],"_links":{"self":[{"href":"https:\/\/2horizontes.com\/index.php?rest_route=\/wp\/v2\/posts\/46595","targetHints":{"allow":["GET"]}}],"collection":[{"href":"https:\/\/2horizontes.com\/index.php?rest_route=\/wp\/v2\/posts"}],"about":[{"href":"https:\/\/2horizontes.com\/index.php?rest_route=\/wp\/v2\/types\/post"}],"author":[{"embeddable":true,"href":"https:\/\/2horizontes.com\/index.php?rest_route=\/wp\/v2\/users\/7"}],"replies":[{"embeddable":true,"href":"https:\/\/2horizontes.com\/index.php?rest_route=%2Fwp%2Fv2%2Fcomments&post=46595"}],"version-history":[{"count":1,"href":"https:\/\/2horizontes.com\/index.php?rest_route=\/wp\/v2\/posts\/46595\/revisions"}],"predecessor-version":[{"id":46597,"href":"https:\/\/2horizontes.com\/index.php?rest_route=\/wp\/v2\/posts\/46595\/revisions\/46597"}],"wp:featuredmedia":[{"embeddable":true,"href":"https:\/\/2horizontes.com\/index.php?rest_route=\/wp\/v2\/media\/46596"}],"wp:attachment":[{"href":"https:\/\/2horizontes.com\/index.php?rest_route=%2Fwp%2Fv2%2Fmedia&parent=46595"}],"wp:term":[{"taxonomy":"category","embeddable":true,"href":"https:\/\/2horizontes.com\/index.php?rest_route=%2Fwp%2Fv2%2Fcategories&post=46595"},{"taxonomy":"post_tag","embeddable":true,"href":"https:\/\/2horizontes.com\/index.php?rest_route=%2Fwp%2Fv2%2Ftags&post=46595"}],"curies":[{"name":"wp","href":"https:\/\/api.w.org\/{rel}","templated":true}]}}