{"id":46586,"date":"2016-04-06T06:58:05","date_gmt":"2016-04-06T05:58:05","guid":{"rendered":"http:\/\/2horizontes.com\/?p=46586"},"modified":"2016-04-06T06:58:05","modified_gmt":"2016-04-06T05:58:05","slug":"policia-espanola-investiga-pago-de-7-millones-de-euros-de-venezuela-a-podemos","status":"publish","type":"post","link":"https:\/\/2horizontes.com\/?p=46586","title":{"rendered":"Polic\u00eda espa\u00f1ola investiga pago de 7 millones de euros de Venezuela a Podemos"},"content":{"rendered":"<div id=\"ArticleAuthorDiv\" class=\"article-body-author\"><b>EFE<\/b><\/div>\n<div id=\"ArticleSourceDiv\" class=\"article-body-author\"><b>Madrid<\/b><\/div>\n<div id=\"ArticleBody\">\n<p>La Polic\u00eda espa\u00f1ola investiga un supuesto pago del Gobierno de Venezuela a la fundaci\u00f3n vinculada al partido espa\u00f1ol Podemos por un valor de siete millones de euros en un per\u00edodo de varios a\u00f1os.<\/p>\n<p>Se basa en un documento firmado por el ministro de Finanzas del gobierno venezolano, Rafael Isea, para el pago de algo m\u00e1s de 7 millones de euros a la fundaci\u00f3n Centro de Estudios Pol\u00edticos y Sociales (CEPS), germen de Podemos, para, entre otras cuestiones, extender el movimiento bolivariano en Espa\u00f1a.<\/p>\n<p>El citado documento, al que tuvieron acceso medios espa\u00f1oles como El Confidencial y ABC, est\u00e1 en posesi\u00f3n de la Unidad de Delincuencia Econ\u00f3mica y Fiscal (UDEF) de la Polic\u00eda Nacional espa\u00f1ola, que investiga una presunta financiaci\u00f3n ilegal de Podemos.<\/p>\n<p>Los pagos a la fundaci\u00f3n, de los que fueron beneficiarios directos Pablo Iglesias y Juan Carlos Monedero (dos de los fundadores de la formaci\u00f3n), seg\u00fan el peri\u00f3dico digital El Confidencial, se desglosan en uno de 1,6 millones de euros en 2008 y 2,8 millones m\u00e1s en el per\u00edodo 2009-2012.<\/p>\n<p>Estas cantidades se sumar\u00edan a los m\u00e1s de 3 millones de euros recibidos anteriormente por el CEPS por otros trabajos de asesoramiento al gobierno bolivariano.<\/p>\n<p>El diario ABC, que reproduce el documento avalado por la firma del entonces presidente Hugo Ch\u00e1vez, destaca p\u00e1rrafos en los que el ministro de Finanzas justifica ese gasto:<\/p>\n<p>\u00ab&#8230;el consiguiente apoyo econ\u00f3mico que significara para la fundaci\u00f3n CEPS esta contrataci\u00f3n, permitir\u00e1 estrechar lazos y compromisos con reconocidos representantes de las escuelas de pensamiento de izquierdas, fundamentalmente anticapitalista, que en Espa\u00f1a pueden crear consensos de fuerzas pol\u00edticas y movimientos sociales, propiciando en ese pa\u00eds cambios pol\u00edticos a\u00fan m\u00e1s afines al gobierno bolivariano\u00bb.<\/p>\n<p>Los dirigentes de Podemos han negado en varias ocasiones la existencia de financiaci\u00f3n ilegal del partido mediante aportaciones econ\u00f3micas de Venezuela o Ir\u00e1n, y han instado a que se investiguen a fondo sus finanzas.<\/p>\n<\/div>\n","protected":false},"excerpt":{"rendered":"<p>EFE Madrid La Polic\u00eda espa\u00f1ola investiga un supuesto pago del Gobierno de Venezuela a la fundaci\u00f3n vinculada al partido espa\u00f1ol Podemos por un valor de siete millones de euros en un per\u00edodo de varios a\u00f1os. Se basa en un documento firmado por el ministro de Finanzas del gobierno venezolano, Rafael Isea, para el pago de [&hellip;]<\/p>\n","protected":false},"author":7,"featured_media":46587,"comment_status":"open","ping_status":"open","sticky":false,"template":"","format":"standard","meta":{"footnotes":""},"categories":[85,40,43,48],"tags":[],"class_list":["post-46586","post","type-post","status-publish","format-standard","has-post-thumbnail","hentry","category-espana","category-internacionales","category-politica","category-venezuela"],"_links":{"self":[{"href":"https:\/\/2horizontes.com\/index.php?rest_route=\/wp\/v2\/posts\/46586","targetHints":{"allow":["GET"]}}],"collection":[{"href":"https:\/\/2horizontes.com\/index.php?rest_route=\/wp\/v2\/posts"}],"about":[{"href":"https:\/\/2horizontes.com\/index.php?rest_route=\/wp\/v2\/types\/post"}],"author":[{"embeddable":true,"href":"https:\/\/2horizontes.com\/index.php?rest_route=\/wp\/v2\/users\/7"}],"replies":[{"embeddable":true,"href":"https:\/\/2horizontes.com\/index.php?rest_route=%2Fwp%2Fv2%2Fcomments&post=46586"}],"version-history":[{"count":1,"href":"https:\/\/2horizontes.com\/index.php?rest_route=\/wp\/v2\/posts\/46586\/revisions"}],"predecessor-version":[{"id":46588,"href":"https:\/\/2horizontes.com\/index.php?rest_route=\/wp\/v2\/posts\/46586\/revisions\/46588"}],"wp:featuredmedia":[{"embeddable":true,"href":"https:\/\/2horizontes.com\/index.php?rest_route=\/wp\/v2\/media\/46587"}],"wp:attachment":[{"href":"https:\/\/2horizontes.com\/index.php?rest_route=%2Fwp%2Fv2%2Fmedia&parent=46586"}],"wp:term":[{"taxonomy":"category","embeddable":true,"href":"https:\/\/2horizontes.com\/index.php?rest_route=%2Fwp%2Fv2%2Fcategories&post=46586"},{"taxonomy":"post_tag","embeddable":true,"href":"https:\/\/2horizontes.com\/index.php?rest_route=%2Fwp%2Fv2%2Ftags&post=46586"}],"curies":[{"name":"wp","href":"https:\/\/api.w.org\/{rel}","templated":true}]}}