{"id":46546,"date":"2016-04-06T00:58:22","date_gmt":"2016-04-05T23:58:22","guid":{"rendered":"http:\/\/2horizontes.com\/?p=46546"},"modified":"2016-04-06T00:58:22","modified_gmt":"2016-04-05T23:58:22","slug":"francina-hungria-afirma-no-sera-una-vicealcaldesa-de-adorno","status":"publish","type":"post","link":"https:\/\/2horizontes.com\/?p=46546","title":{"rendered":"Francina Hungr\u00eda afirma no ser\u00e1 una vicealcaldesa de adorno"},"content":{"rendered":"<div id=\"p_p_id_contentviewerportlet_WAR_newsportlet_INSTANCE_ad939a29825f4d77b9f132e595239e2c_\" class=\"portlet-boundary portlet-boundary_contentviewerportlet_WAR_newsportlet_  portlet-static portlet-static-end content-viewer-portlet \">\n<div class=\"td-portlet\">\n<section id=\"portlet_contentviewerportlet_WAR_newsportlet_INSTANCE_ad939a29825f4d77b9f132e595239e2c\" class=\"portlet\">\n<div class=\"portlet-content\">\n<div class=\" portlet-content-container\">\n<div class=\"portlet-body\">\n<div class=\"last td-viewer full-access\">\n<div class=\"detalle-texto\">\n<div class=\"text\">\n<p>SANTO DOMINGO. \u201cLo primero es, que existe un presupuesto de un 4% que se le asigna directamente y legalmente a la vicealcald\u00eda para impulsar proyectos de educaci\u00f3n, ni\u00f1ez, juventud, inclusi\u00f3n de g\u00e9nero o personas con discapacidad, entonces en ese sentido es la primera garant\u00eda\u201d, esto explic\u00f3 la candidata a la vicealcald\u00eda del Distrito Nacional Francina Hungr\u00eda, en el programa \u201cLenis Garc\u00eda Opiniones\u201d.<\/p>\n<p>En ese mismo orden expres\u00f3: \u201cTu sabes que yo vengo con mi agenda desde la Sociedad Civil, agenda que motiv\u00f3 a el alcalde Roberto Salcedo, a tenerme como su compa\u00f1era\u201d.<\/p>\n<p>Al preguntarle su opini\u00f3n sobre los comentarios negativos que ha generado su candidatura expres\u00f3: \u201cPues m\u00e1s que nada las opiniones que yo he podido ver porque yo acceso a mi Facebook desde mi celular y leo los comentarios y todo, resaltan precisamente la necesidad que existe de que tengamos ya una cultura m\u00e1s inclusiva, un entorno m\u00e1s inclusivo que es el que ha manifestado el alcalde Roberto Salcedo que es su intensi\u00f3n al insertarme en su boleta\u201d.<\/p>\n<p>Hungr\u00eda destac\u00f3 que su prioridad es, si llega a la vicealcald\u00eda, lograr que las personas discapacitadas tengan las mismas oportunidades que ella tuvo para reintegrarse a la sociedad de manera digna.<\/p>\n<p>Apunt\u00f3 que dentro de los proyectos que tiene es el de proponer una ley que asegura va a revolucionar la sociedad dominicana. Se trata de un proyecto que insertar\u00e1 al ejercicio laboral, a trav\u00e9s de un programa de capacitaci\u00f3n, a personas que sufren de alguna discapacidad.<\/p>\n<p>Tambi\u00e9n expres\u00f3 sentirse conforme con el proceso que agot\u00f3 para demostrar su domicilio en el Distrito Nacional a la Junta Central Electoral y al mismo tiempo destac\u00f3 el buen trabajo que ha realizado el presidente Danilo Medina durante en su gesti\u00f3n.<\/p>\n<\/div>\n<\/div>\n<\/div>\n<\/div>\n<\/div>\n<\/div>\n<\/section>\n<\/div>\n<\/div>\n<div id=\"p_p_id_articletopicsportlet_WAR_newsportlet_INSTANCE_c5d6e9af5f8941409f18800688ad49bc_\" class=\"portlet-boundary portlet-boundary_articletopicsportlet_WAR_newsportlet_  portlet-static portlet-static-end article-topics-portlet detalle-metadatos\"><\/div>\n","protected":false},"excerpt":{"rendered":"<p>SANTO DOMINGO. \u201cLo primero es, que existe un presupuesto de un 4% que se le asigna directamente y legalmente a la vicealcald\u00eda para impulsar proyectos de educaci\u00f3n, ni\u00f1ez, juventud, inclusi\u00f3n de g\u00e9nero o personas con discapacidad, entonces en ese sentido es la primera garant\u00eda\u201d, esto explic\u00f3 la candidata a la vicealcald\u00eda del Distrito Nacional Francina [&hellip;]<\/p>\n","protected":false},"author":13240,"featured_media":46547,"comment_status":"open","ping_status":"open","sticky":false,"template":"","format":"standard","meta":{"footnotes":""},"categories":[40,43,44],"tags":[],"class_list":["post-46546","post","type-post","status-publish","format-standard","has-post-thumbnail","hentry","category-internacionales","category-politica","category-republica-dominicana"],"_links":{"self":[{"href":"https:\/\/2horizontes.com\/index.php?rest_route=\/wp\/v2\/posts\/46546","targetHints":{"allow":["GET"]}}],"collection":[{"href":"https:\/\/2horizontes.com\/index.php?rest_route=\/wp\/v2\/posts"}],"about":[{"href":"https:\/\/2horizontes.com\/index.php?rest_route=\/wp\/v2\/types\/post"}],"author":[{"embeddable":true,"href":"https:\/\/2horizontes.com\/index.php?rest_route=\/wp\/v2\/users\/13240"}],"replies":[{"embeddable":true,"href":"https:\/\/2horizontes.com\/index.php?rest_route=%2Fwp%2Fv2%2Fcomments&post=46546"}],"version-history":[{"count":1,"href":"https:\/\/2horizontes.com\/index.php?rest_route=\/wp\/v2\/posts\/46546\/revisions"}],"predecessor-version":[{"id":46548,"href":"https:\/\/2horizontes.com\/index.php?rest_route=\/wp\/v2\/posts\/46546\/revisions\/46548"}],"wp:featuredmedia":[{"embeddable":true,"href":"https:\/\/2horizontes.com\/index.php?rest_route=\/wp\/v2\/media\/46547"}],"wp:attachment":[{"href":"https:\/\/2horizontes.com\/index.php?rest_route=%2Fwp%2Fv2%2Fmedia&parent=46546"}],"wp:term":[{"taxonomy":"category","embeddable":true,"href":"https:\/\/2horizontes.com\/index.php?rest_route=%2Fwp%2Fv2%2Fcategories&post=46546"},{"taxonomy":"post_tag","embeddable":true,"href":"https:\/\/2horizontes.com\/index.php?rest_route=%2Fwp%2Fv2%2Ftags&post=46546"}],"curies":[{"name":"wp","href":"https:\/\/api.w.org\/{rel}","templated":true}]}}