{"id":46541,"date":"2016-04-06T00:47:40","date_gmt":"2016-04-05T23:47:40","guid":{"rendered":"http:\/\/2horizontes.com\/?p=46541"},"modified":"2016-04-06T00:55:13","modified_gmt":"2016-04-05T23:55:13","slug":"interpol-aclara-que-el-policia-venezolano-detenido-por-narcotrafico-no-es-jefe-de-la-oficina-en-caracas","status":"publish","type":"post","link":"https:\/\/2horizontes.com\/?p=46541","title":{"rendered":"Interpol aclara que el polic\u00eda venezolano detenido por narcotr\u00e1fico no es jefe de la oficina en Caracas"},"content":{"rendered":"<div class=\"detalle-texto\">\n<div class=\"text\">\n<p>PAR\u00cdS. El responsable policial venezolano detenido el pasado fin de semana como presunto codirigente de una red de narcotr\u00e1fico no es el jefe de la oficina de Interpol en ese pa\u00eds, aunque estaba vinculado a ella, precis\u00f3 hoy la agencia policial internacional.<\/p>\n<p>En un comunicado publicado hoy, Interpol \u201cniega que la persona en cuesti\u00f3n sea el jefe de su Oficina Central Nacional (OCN)\u201d como han publicado algunos medios.<\/p>\n<p>No obstante, admite que el sospechoso, del que no cita su nombre, \u201cestaba vinculado a una oficina dependiente de la OCN de Caracas\u201d, aunque haciendo hincapi\u00e9 en que \u201clos hechos que al parecer se le imputan no tienen relaci\u00f3n con las actividades en curso de la mencionada\u201d oficina.<\/p>\n<p>Tambi\u00e9n recuerda que, como todas las de sus pa\u00edses socios, la OCN de Caracas est\u00e1 integrada por funcionarios del pa\u00eds, y no de la secretar\u00eda general de la organizaci\u00f3n internacional, que tiene su sede en Lyon, en Francia.<\/p>\n<p>Y asegura que \u201canima activamente a sus 190 pa\u00edses miembros a que investiguen a fondo todos los delitos internacionales y, en caso necesario, enjuicien a sus autores con todo el rigor de la ley\u201d.<\/p>\n<p>Esta puntualizaci\u00f3n llega tres d\u00edas despu\u00e9s de que la Fiscal\u00eda venezolana hubiera comunicado que el empresario venezolano Pablo C\u00e1rdenas y el polic\u00eda Eliecer Garc\u00eda Torrealba, al que se vincul\u00f3 con Interpol, est\u00e1n acusados de dirigir el env\u00edo a Rep\u00fablica Dominicana de un alijo de coca\u00edna cuyo hallazgo dio lugar a once arrestos en Venezuela y cinco en la isla caribe\u00f1a.<\/p>\n<p>Seg\u00fan la Fiscal\u00eda, C\u00e1rdenas fue el que financi\u00f3 y dirigi\u00f3 la operaci\u00f3n de narcotr\u00e1fico, mientras se sospecha que Garc\u00eda Torrealba se vali\u00f3 de su cargo para coordinar la salida del avi\u00f3n con la droga del aeropuerto de Barquisimeto, al noroeste de Venezuela.<\/p>\n<p>Tanto el uno como el otro fueron detenidos durante el fin de semana, al igual que el jefe del aeropuerto, Juan Lanz D\u00edaz, despu\u00e9s de que se incautara el pasado 24 de marzo el alijo de drogas en el aeropuerto de La Romana, en el sureste de la Rep\u00fablica Dominicana.<\/p>\n<\/div>\n<\/div>\n","protected":false},"excerpt":{"rendered":"<p>PAR\u00cdS. El responsable policial venezolano detenido el pasado fin de semana como presunto codirigente de una red de narcotr\u00e1fico no es el jefe de la oficina de Interpol en ese pa\u00eds, aunque estaba vinculado a ella, precis\u00f3 hoy la agencia policial internacional. En un comunicado publicado hoy, Interpol \u201cniega que la persona en cuesti\u00f3n sea [&hellip;]<\/p>\n","protected":false},"author":13240,"featured_media":46542,"comment_status":"open","ping_status":"open","sticky":false,"template":"","format":"standard","meta":{"footnotes":""},"categories":[86,40],"tags":[],"class_list":["post-46541","post","type-post","status-publish","format-standard","has-post-thumbnail","hentry","category-europa","category-internacionales"],"_links":{"self":[{"href":"https:\/\/2horizontes.com\/index.php?rest_route=\/wp\/v2\/posts\/46541","targetHints":{"allow":["GET"]}}],"collection":[{"href":"https:\/\/2horizontes.com\/index.php?rest_route=\/wp\/v2\/posts"}],"about":[{"href":"https:\/\/2horizontes.com\/index.php?rest_route=\/wp\/v2\/types\/post"}],"author":[{"embeddable":true,"href":"https:\/\/2horizontes.com\/index.php?rest_route=\/wp\/v2\/users\/13240"}],"replies":[{"embeddable":true,"href":"https:\/\/2horizontes.com\/index.php?rest_route=%2Fwp%2Fv2%2Fcomments&post=46541"}],"version-history":[{"count":1,"href":"https:\/\/2horizontes.com\/index.php?rest_route=\/wp\/v2\/posts\/46541\/revisions"}],"predecessor-version":[{"id":46543,"href":"https:\/\/2horizontes.com\/index.php?rest_route=\/wp\/v2\/posts\/46541\/revisions\/46543"}],"wp:featuredmedia":[{"embeddable":true,"href":"https:\/\/2horizontes.com\/index.php?rest_route=\/wp\/v2\/media\/46542"}],"wp:attachment":[{"href":"https:\/\/2horizontes.com\/index.php?rest_route=%2Fwp%2Fv2%2Fmedia&parent=46541"}],"wp:term":[{"taxonomy":"category","embeddable":true,"href":"https:\/\/2horizontes.com\/index.php?rest_route=%2Fwp%2Fv2%2Fcategories&post=46541"},{"taxonomy":"post_tag","embeddable":true,"href":"https:\/\/2horizontes.com\/index.php?rest_route=%2Fwp%2Fv2%2Ftags&post=46541"}],"curies":[{"name":"wp","href":"https:\/\/api.w.org\/{rel}","templated":true}]}}