{"id":46529,"date":"2016-04-05T19:25:32","date_gmt":"2016-04-05T18:25:32","guid":{"rendered":"http:\/\/2horizontes.com\/?p=46529"},"modified":"2016-04-05T19:25:32","modified_gmt":"2016-04-05T18:25:32","slug":"un-herido-grave-y-siete-leves-en-el-incendio-de-una-vivienda-en-sant-adria-de-besos","status":"publish","type":"post","link":"https:\/\/2horizontes.com\/?p=46529","title":{"rendered":"Un herido grave y siete leves en el incendio de una vivienda en Sant Adri\u00e0 de Bes\u00f2s"},"content":{"rendered":"<p>Una persona ha resultado intoxicada de gravedad y otras siete han sufrido intoxicaciones y lesiones leves en el incendio de una vivienda en Sant Adri\u00e0 de Bes\u00f2s (Barcelona), han informado los Bomberos de la Generalitat.<\/p>\n<p>El aviso del incendio tuvo lugar a las 23.04 horas de ayer, cuando se declar\u00f3 fuego, por causas que a\u00fan se est\u00e1n investigando, en el interior de una vivienda ubicada en el n\u00famero 3 de la calle Saragossa de Sant Adri\u00e0. Al lugar del suceso acudieron ocho dotaciones de los Bomberos, que localizaron el fuego en la primera planta del edificio, que ten\u00eda otra planta superior, con solo una vivienda en cada planta.<\/p>\n<p>El incendio, que qued\u00f3 extinguido a las 23.30 horas, quem\u00f3 totalmente el comedor y una habitaci\u00f3n de la vivienda afectada. El hombre que viv\u00eda en el piso result\u00f3 intoxicado grave por inhalaci\u00f3n de humo, por lo que fue evacuado al hospital de Sant Joan Desp\u00ed Mois\u00e8s Broggi.<\/p>\n<p>En la vivienda de la planta superior vive una familia de tres personas, que sufrieron intoxicaciones leves de humo. Despu\u00e9s de ser atendidos por los servicios m\u00e9dicos, fueron dados de alta.<\/p>\n<p>Cuatro personas m\u00e1s de los servicios de emergencia que acudieron al lugar tambi\u00e9n sufrieron lesiones leves y fueron trasladados al Hospital Germans Trias i Pujol (Can Ruti), de Badalona. Se trata de un bombero, con una quemadura leve en el cuello, y dos mossos y un polic\u00eda local, con s\u00edntomas leves por intoxicaci\u00f3n de humo.<\/p>\n<p>Los Bomberos han finalizado sus labores poco despu\u00e9s de las 01.30 horas, una vez ventilada la vivienda afectada y tras sanear una parte del falso techo que cay\u00f3 a causa del fuego.<\/p>\n","protected":false},"excerpt":{"rendered":"<p>Una persona ha resultado intoxicada de gravedad y otras siete han sufrido intoxicaciones y lesiones leves en el incendio de una vivienda en Sant Adri\u00e0 de Bes\u00f2s (Barcelona), han informado los Bomberos de la Generalitat. El aviso del incendio tuvo lugar a las 23.04 horas de ayer, cuando se declar\u00f3 fuego, por causas que a\u00fan [&hellip;]<\/p>\n","protected":false},"author":3,"featured_media":46531,"comment_status":"open","ping_status":"open","sticky":false,"template":"","format":"standard","meta":{"footnotes":""},"categories":[85],"tags":[],"class_list":["post-46529","post","type-post","status-publish","format-standard","has-post-thumbnail","hentry","category-espana"],"_links":{"self":[{"href":"https:\/\/2horizontes.com\/index.php?rest_route=\/wp\/v2\/posts\/46529","targetHints":{"allow":["GET"]}}],"collection":[{"href":"https:\/\/2horizontes.com\/index.php?rest_route=\/wp\/v2\/posts"}],"about":[{"href":"https:\/\/2horizontes.com\/index.php?rest_route=\/wp\/v2\/types\/post"}],"author":[{"embeddable":true,"href":"https:\/\/2horizontes.com\/index.php?rest_route=\/wp\/v2\/users\/3"}],"replies":[{"embeddable":true,"href":"https:\/\/2horizontes.com\/index.php?rest_route=%2Fwp%2Fv2%2Fcomments&post=46529"}],"version-history":[{"count":1,"href":"https:\/\/2horizontes.com\/index.php?rest_route=\/wp\/v2\/posts\/46529\/revisions"}],"predecessor-version":[{"id":46532,"href":"https:\/\/2horizontes.com\/index.php?rest_route=\/wp\/v2\/posts\/46529\/revisions\/46532"}],"wp:featuredmedia":[{"embeddable":true,"href":"https:\/\/2horizontes.com\/index.php?rest_route=\/wp\/v2\/media\/46531"}],"wp:attachment":[{"href":"https:\/\/2horizontes.com\/index.php?rest_route=%2Fwp%2Fv2%2Fmedia&parent=46529"}],"wp:term":[{"taxonomy":"category","embeddable":true,"href":"https:\/\/2horizontes.com\/index.php?rest_route=%2Fwp%2Fv2%2Fcategories&post=46529"},{"taxonomy":"post_tag","embeddable":true,"href":"https:\/\/2horizontes.com\/index.php?rest_route=%2Fwp%2Fv2%2Ftags&post=46529"}],"curies":[{"name":"wp","href":"https:\/\/api.w.org\/{rel}","templated":true}]}}