{"id":46492,"date":"2016-04-05T06:18:27","date_gmt":"2016-04-05T05:18:27","guid":{"rendered":"http:\/\/2horizontes.com\/?p=46492"},"modified":"2016-04-05T06:18:27","modified_gmt":"2016-04-05T05:18:27","slug":"obrero-mexicano-coloca-la-bandera-de-su-pais-en-la-torre-trump-en-canada","status":"publish","type":"post","link":"https:\/\/2horizontes.com\/?p=46492","title":{"rendered":"Obrero mexicano coloca la bandera de su pa\u00eds en la Torre Trump en Canad\u00e1"},"content":{"rendered":"<div id=\"ArticleAuthorDiv\" class=\"article-body-author\"><b>EFE<\/b><\/div>\n<div id=\"ArticleSourceDiv\" class=\"article-body-author\"><b>Toronto, Canad\u00e1<\/b><\/div>\n<div id=\"ArticleBody\">\n<p>Diego Reyna, un obrero de la construcci\u00f3n de origen mexicano que trabaja en la finalizaci\u00f3n de la Torre Trump en Vancouver (Canad\u00e1), coloc\u00f3 una bandera mexicana como protesta por las declaraciones del pol\u00e9mico precandidato republicano a la Casa Blanca Donald Trump contra los mexicanos.<\/p>\n<p>Reyna coloc\u00f3 la bandera el pasado s\u00e1bado, informaron ayer medios de comunicaci\u00f3n locales, y posteriormente colg\u00f3 una foto en medios sociales posando delante de la ense\u00f1a mexicana en lo alto de la Torre Trump, que se construye en Vancouver.<\/p>\n<p>La bandera fue retirada el domingo del piso 63 del edificio donde Reyna, de 30 a\u00f1os de edad, ha trabajado instalando perfiles de acero de la estructura.<\/p>\n<p>\u00abColoqu\u00e9 la bandera mexicana en el techo de la Torre Trump de Vancouver para mostrar que se est\u00e1 beneficiando de nosotros y que estamos trabajando mucho en sus proyectos y no somos criminales\u00bb, declar\u00f3 Reyna, que es originario de Tuxla Rodr\u00edguez y emigr\u00f3 a Canad\u00e1 en 2011.<\/p>\n<p>El obrero tambi\u00e9n se\u00f1al\u00f3 que estuvo pensando realizar alguna acci\u00f3n desde hac\u00eda tiempo, porque no quer\u00eda que los comentarios del magnate inmobiliario sobre los mexicanos se extendiesen por Canad\u00e1, \u00abque es una sociedad m\u00e1s tolerante\u00bb.<\/p>\n<p>Donald Trump, que aspira a hacerse con la candidatura republicana a la Presidencia de Estados Unidos, ha realizado controvertidas declaraciones sobre los inmigrantes mexicanos, a los que ha calificado de criminales y narcotraficantes.<\/p>\n<p>El empresario neoyorquino tambi\u00e9n ha declarado que, si llega a la Casa Blanca en los comicios del pr\u00f3ximo 8 de noviembre, construir\u00e1 un muro en la frontera con M\u00e9xico para impedir la llegada de inmigrantes indocumentados.<\/p>\n<p>Las declaraciones de Trump y sus propuestas pol\u00edticas han provocado el rechazo generalizado de la comunidad hispana de Estados Unidos.<\/p>\n<p>Una encuesta dada a conocer en el pa\u00eds a finales de marzo se\u00f1alaba que un 77 % de los latinos ve a Trump de forma desfavorable, mientras que un 12 % tiene una opini\u00f3n favorable.<\/p>\n<\/div>\n","protected":false},"excerpt":{"rendered":"<p>EFE Toronto, Canad\u00e1 Diego Reyna, un obrero de la construcci\u00f3n de origen mexicano que trabaja en la finalizaci\u00f3n de la Torre Trump en Vancouver (Canad\u00e1), coloc\u00f3 una bandera mexicana como protesta por las declaraciones del pol\u00e9mico precandidato republicano a la Casa Blanca Donald Trump contra los mexicanos. Reyna coloc\u00f3 la bandera el pasado s\u00e1bado, informaron [&hellip;]<\/p>\n","protected":false},"author":7,"featured_media":46493,"comment_status":"open","ping_status":"open","sticky":false,"template":"","format":"standard","meta":{"footnotes":""},"categories":[54,40,43],"tags":[],"class_list":["post-46492","post","type-post","status-publish","format-standard","has-post-thumbnail","hentry","category-emigrantes","category-internacionales","category-politica"],"_links":{"self":[{"href":"https:\/\/2horizontes.com\/index.php?rest_route=\/wp\/v2\/posts\/46492","targetHints":{"allow":["GET"]}}],"collection":[{"href":"https:\/\/2horizontes.com\/index.php?rest_route=\/wp\/v2\/posts"}],"about":[{"href":"https:\/\/2horizontes.com\/index.php?rest_route=\/wp\/v2\/types\/post"}],"author":[{"embeddable":true,"href":"https:\/\/2horizontes.com\/index.php?rest_route=\/wp\/v2\/users\/7"}],"replies":[{"embeddable":true,"href":"https:\/\/2horizontes.com\/index.php?rest_route=%2Fwp%2Fv2%2Fcomments&post=46492"}],"version-history":[{"count":1,"href":"https:\/\/2horizontes.com\/index.php?rest_route=\/wp\/v2\/posts\/46492\/revisions"}],"predecessor-version":[{"id":46494,"href":"https:\/\/2horizontes.com\/index.php?rest_route=\/wp\/v2\/posts\/46492\/revisions\/46494"}],"wp:featuredmedia":[{"embeddable":true,"href":"https:\/\/2horizontes.com\/index.php?rest_route=\/wp\/v2\/media\/46493"}],"wp:attachment":[{"href":"https:\/\/2horizontes.com\/index.php?rest_route=%2Fwp%2Fv2%2Fmedia&parent=46492"}],"wp:term":[{"taxonomy":"category","embeddable":true,"href":"https:\/\/2horizontes.com\/index.php?rest_route=%2Fwp%2Fv2%2Fcategories&post=46492"},{"taxonomy":"post_tag","embeddable":true,"href":"https:\/\/2horizontes.com\/index.php?rest_route=%2Fwp%2Fv2%2Ftags&post=46492"}],"curies":[{"name":"wp","href":"https:\/\/api.w.org\/{rel}","templated":true}]}}