{"id":46477,"date":"2016-04-04T20:44:59","date_gmt":"2016-04-04T19:44:59","guid":{"rendered":"http:\/\/2horizontes.com\/?p=46477"},"modified":"2016-04-04T20:44:59","modified_gmt":"2016-04-04T19:44:59","slug":"gloria-trevi-sufrio-una-caida-en-uno-de-sus-conciertos","status":"publish","type":"post","link":"https:\/\/2horizontes.com\/?p=46477","title":{"rendered":"Gloria Trevi sufri\u00f3 una ca\u00edda en uno de sus conciertos"},"content":{"rendered":"<p>popular cantante mexicana, Gloria Trevi, sufri\u00f3 una ca\u00edda el pasado viernes en uno de sus conciertos en el Palenque de Texcoco, M\u00e9xico. Y, a pesar de que pareci\u00f3 bastante dolorosa, \u00abTrevi\u00bb tom\u00f3 con mucho humor el peque\u00f1o accidente.<\/p>\n<p>Fue durante una de sus presentaciones de la gira \u201cEl amor World Tour\u201d y como parte de su coreograf\u00eda, la cantante ten\u00eda que acostarse en una silla, pero al tratar de levantarse, le gan\u00f3 la gravedad, y termin\u00f3 en el piso, golpeandose la cabeza y la espalda.<\/p>\n<p>Pero con el buen humor que la caracteriza, Gloria escribi\u00f3 en su cuenta de Twitter: \u201cNo es para tanto me he ca\u00eddo de m\u00e1s alto\u201c. Y comparti\u00f3 con sussus fans el video de lo sucedido.<\/p>\n","protected":false},"excerpt":{"rendered":"<p>popular cantante mexicana, Gloria Trevi, sufri\u00f3 una ca\u00edda el pasado viernes en uno de sus conciertos en el Palenque de Texcoco, M\u00e9xico. Y, a pesar de que pareci\u00f3 bastante dolorosa, \u00abTrevi\u00bb tom\u00f3 con mucho humor el peque\u00f1o accidente. Fue durante una de sus presentaciones de la gira \u201cEl amor World Tour\u201d y como parte de [&hellip;]<\/p>\n","protected":false},"author":3,"featured_media":46478,"comment_status":"open","ping_status":"open","sticky":false,"template":"","format":"standard","meta":{"footnotes":""},"categories":[1],"tags":[],"class_list":["post-46477","post","type-post","status-publish","format-standard","has-post-thumbnail","hentry","category-entretenimiento"],"_links":{"self":[{"href":"https:\/\/2horizontes.com\/index.php?rest_route=\/wp\/v2\/posts\/46477","targetHints":{"allow":["GET"]}}],"collection":[{"href":"https:\/\/2horizontes.com\/index.php?rest_route=\/wp\/v2\/posts"}],"about":[{"href":"https:\/\/2horizontes.com\/index.php?rest_route=\/wp\/v2\/types\/post"}],"author":[{"embeddable":true,"href":"https:\/\/2horizontes.com\/index.php?rest_route=\/wp\/v2\/users\/3"}],"replies":[{"embeddable":true,"href":"https:\/\/2horizontes.com\/index.php?rest_route=%2Fwp%2Fv2%2Fcomments&post=46477"}],"version-history":[{"count":1,"href":"https:\/\/2horizontes.com\/index.php?rest_route=\/wp\/v2\/posts\/46477\/revisions"}],"predecessor-version":[{"id":46479,"href":"https:\/\/2horizontes.com\/index.php?rest_route=\/wp\/v2\/posts\/46477\/revisions\/46479"}],"wp:featuredmedia":[{"embeddable":true,"href":"https:\/\/2horizontes.com\/index.php?rest_route=\/wp\/v2\/media\/46478"}],"wp:attachment":[{"href":"https:\/\/2horizontes.com\/index.php?rest_route=%2Fwp%2Fv2%2Fmedia&parent=46477"}],"wp:term":[{"taxonomy":"category","embeddable":true,"href":"https:\/\/2horizontes.com\/index.php?rest_route=%2Fwp%2Fv2%2Fcategories&post=46477"},{"taxonomy":"post_tag","embeddable":true,"href":"https:\/\/2horizontes.com\/index.php?rest_route=%2Fwp%2Fv2%2Ftags&post=46477"}],"curies":[{"name":"wp","href":"https:\/\/api.w.org\/{rel}","templated":true}]}}