{"id":46433,"date":"2016-04-03T10:00:18","date_gmt":"2016-04-03T09:00:18","guid":{"rendered":"http:\/\/2horizontes.com\/?p=46433"},"modified":"2016-04-03T10:00:18","modified_gmt":"2016-04-03T09:00:18","slug":"siete-personas-mueren-en-un-accidente-en-la-n-ii-en-figueres","status":"publish","type":"post","link":"https:\/\/2horizontes.com\/?p=46433","title":{"rendered":"Siete personas mueren en un accidente en la N-II en Figueres"},"content":{"rendered":"<p>Esta madrugada ha habido un choque frontal entre dos veh\u00edculos en el kil\u00f3metro 763 de la N-II, en el t\u00e9rmino municipal de Pont de Molins, cerca de Figueres. Siete personas han fallecido y hay un herido grave. Las primeras hip\u00f3tesis de la causa que barajan las autoridades son el exceso de velocidad.<\/p>\n<p>Las v\u00edctimas mortales en el accidente tienen entre 19 y 38 a\u00f1os, seg\u00fan han informado a Europa Press fuentes de los Mossos d\u2019Esquadra y el Sistema de Emergencias M\u00e9dicas (SEM). En el veh\u00edculo de matr\u00edcula francesa viajaban cinco de los fallecidos, uno de 19 a\u00f1os, otro de 20 y dos de 22 a\u00f1os y falta identificar a uno de los j\u00f3venes, y en el otro veh\u00edculo, viajaban los otros dos fallecidos, de 31 y 38 a\u00f1os.<\/p>\n<p>El conductor de este segundo veh\u00edculo, de 34 a\u00f1os, ha resultado herido grave y evacuado al Hospital Josep Trueta de Girona.<\/p>\n<p>\u201cEsta zona de la Nacional II es un punto negro y hace tiempo que pedimos el desdoblamiento de la carretera hasta la frontera\u201d, ha reclamado la alcaldesa de Figueres, Marta Felip.<\/p>\n<p>La N-II est\u00e1 cortada en los dos sentidos de la marcha y los veh\u00edculos se desv\u00edan por la AP-7, por las salidas 2 y 3. Nueve dotaciones de bomberos y siete de Mossos se han desplazado hasta el lugar del accidente.<\/p>\n<p>La atenci\u00f3n a las familias se realizar\u00e1 en el tanatorio de Figueres, donde se ha habilitado un espacio para darles la asistencia que necesiten.<\/p>\n<p>El presidente de la Generalitat, Carles Puigdemont, ha lamentado el tr\u00e1gico accidente de la N-II. \u201dSiete vidas perdidas y un herido grave en un accidente en la N-II en el Alt Empord\u00e0. Mi p\u00e9same y solidaridad con las v\u00edctimas\u201d, ha expresado en un tuit en su perfil personal.<\/p>\n","protected":false},"excerpt":{"rendered":"<p>Esta madrugada ha habido un choque frontal entre dos veh\u00edculos en el kil\u00f3metro 763 de la N-II, en el t\u00e9rmino municipal de Pont de Molins, cerca de Figueres. Siete personas han fallecido y hay un herido grave. Las primeras hip\u00f3tesis de la causa que barajan las autoridades son el exceso de velocidad. Las v\u00edctimas mortales [&hellip;]<\/p>\n","protected":false},"author":3,"featured_media":46434,"comment_status":"open","ping_status":"open","sticky":false,"template":"","format":"standard","meta":{"footnotes":""},"categories":[85],"tags":[],"class_list":["post-46433","post","type-post","status-publish","format-standard","has-post-thumbnail","hentry","category-espana"],"_links":{"self":[{"href":"https:\/\/2horizontes.com\/index.php?rest_route=\/wp\/v2\/posts\/46433","targetHints":{"allow":["GET"]}}],"collection":[{"href":"https:\/\/2horizontes.com\/index.php?rest_route=\/wp\/v2\/posts"}],"about":[{"href":"https:\/\/2horizontes.com\/index.php?rest_route=\/wp\/v2\/types\/post"}],"author":[{"embeddable":true,"href":"https:\/\/2horizontes.com\/index.php?rest_route=\/wp\/v2\/users\/3"}],"replies":[{"embeddable":true,"href":"https:\/\/2horizontes.com\/index.php?rest_route=%2Fwp%2Fv2%2Fcomments&post=46433"}],"version-history":[{"count":1,"href":"https:\/\/2horizontes.com\/index.php?rest_route=\/wp\/v2\/posts\/46433\/revisions"}],"predecessor-version":[{"id":46435,"href":"https:\/\/2horizontes.com\/index.php?rest_route=\/wp\/v2\/posts\/46433\/revisions\/46435"}],"wp:featuredmedia":[{"embeddable":true,"href":"https:\/\/2horizontes.com\/index.php?rest_route=\/wp\/v2\/media\/46434"}],"wp:attachment":[{"href":"https:\/\/2horizontes.com\/index.php?rest_route=%2Fwp%2Fv2%2Fmedia&parent=46433"}],"wp:term":[{"taxonomy":"category","embeddable":true,"href":"https:\/\/2horizontes.com\/index.php?rest_route=%2Fwp%2Fv2%2Fcategories&post=46433"},{"taxonomy":"post_tag","embeddable":true,"href":"https:\/\/2horizontes.com\/index.php?rest_route=%2Fwp%2Fv2%2Ftags&post=46433"}],"curies":[{"name":"wp","href":"https:\/\/api.w.org\/{rel}","templated":true}]}}