{"id":46388,"date":"2016-04-02T07:39:13","date_gmt":"2016-04-02T06:39:13","guid":{"rendered":"http:\/\/2horizontes.com\/?p=46388"},"modified":"2016-04-02T07:39:13","modified_gmt":"2016-04-02T06:39:13","slug":"una-explosion-de-gas-en-un-edificio-de-paris-causa-17-heridos","status":"publish","type":"post","link":"https:\/\/2horizontes.com\/?p=46388","title":{"rendered":"Una explosi\u00f3n de gas en un edificio de Par\u00eds causa 17 heridos"},"content":{"rendered":"<div id=\"ArticleAuthorDiv\" class=\"article-body-author\"><b>EFE<\/b><\/div>\n<div id=\"ArticleSourceDiv\" class=\"article-body-author\"><b>Par\u00eds<\/b><\/div>\n<div id=\"ArticleBody\">\n<p>La explosi\u00f3n de gas que se produjo ayer en un edificio del distrito VI de Par\u00eds provoc\u00f3 heridas a 17 personas, entre las que hab\u00eda 11 bomberos que interven\u00edan en un inmueble contiguo, y de los que uno fue evacuado y est\u00e1 hospitalizado en estado grave.<\/p>\n<p>&nbsp;<\/p>\n<p>Estas son las cifras presentadas por el ministro del Interior, Bernard Cazeneuve, que en un comunicado manifest\u00f3 su \u00abpleno apoyo\u00bb a los bomberos y su deseo de un \u00abpronto y completo restablecimiento\u00bb de todos los heridos.<\/p>\n<p>&nbsp;<\/p>\n<p>Los hechos ocurrieron hacia las 12.20 locales (10.20 GMT) cuando una dotaci\u00f3n de bomberos estaba trabajando en la extinci\u00f3n de un fuego en la planta baja de la casa vecina y se produjo una fuerte deflagraci\u00f3n que destruy\u00f3 casi por completo las tres \u00faltimas plantas.<\/p>\n<p>&nbsp;<\/p>\n<p>El comandante Gabriel Plus, portavoz de los bomberos, explic\u00f3 a los medios que fue \u00abuna explosi\u00f3n relacionada con el gas\u00bb que podr\u00eda tener su origen en un escape probablemente debido a un \u00abaccidente dom\u00e9stico\u00bb.<\/p>\n<p>&nbsp;<\/p>\n<p>Plus sugiri\u00f3 que la fuga de gas, que pudo haberse propagado de la parte baja a la alta del edificio, fue la que \u00abprovoc\u00f3 esta explosi\u00f3n\u00bb.<\/p>\n<p>&nbsp;<\/p>\n<p>Algunos testigos indicaron que desde media ma\u00f1ana se percib\u00eda un olor de gas o de pl\u00e1stico quemado<\/p>\n<p>&nbsp;<\/p>\n<p>La polic\u00eda estableci\u00f3 un per\u00edmetro de seguridad en torno al edificio da\u00f1ado, mientras decenas de bomberos segu\u00edan trabajando por la tarde para evitar el hundimiento de los pisos superiores del inmueble afectado.<\/p>\n<\/div>\n","protected":false},"excerpt":{"rendered":"<p>EFE Par\u00eds La explosi\u00f3n de gas que se produjo ayer en un edificio del distrito VI de Par\u00eds provoc\u00f3 heridas a 17 personas, entre las que hab\u00eda 11 bomberos que interven\u00edan en un inmueble contiguo, y de los que uno fue evacuado y est\u00e1 hospitalizado en estado grave. &nbsp; Estas son las cifras presentadas por [&hellip;]<\/p>\n","protected":false},"author":7,"featured_media":46389,"comment_status":"open","ping_status":"open","sticky":false,"template":"","format":"standard","meta":{"footnotes":""},"categories":[86,40],"tags":[],"class_list":["post-46388","post","type-post","status-publish","format-standard","has-post-thumbnail","hentry","category-europa","category-internacionales"],"_links":{"self":[{"href":"https:\/\/2horizontes.com\/index.php?rest_route=\/wp\/v2\/posts\/46388","targetHints":{"allow":["GET"]}}],"collection":[{"href":"https:\/\/2horizontes.com\/index.php?rest_route=\/wp\/v2\/posts"}],"about":[{"href":"https:\/\/2horizontes.com\/index.php?rest_route=\/wp\/v2\/types\/post"}],"author":[{"embeddable":true,"href":"https:\/\/2horizontes.com\/index.php?rest_route=\/wp\/v2\/users\/7"}],"replies":[{"embeddable":true,"href":"https:\/\/2horizontes.com\/index.php?rest_route=%2Fwp%2Fv2%2Fcomments&post=46388"}],"version-history":[{"count":1,"href":"https:\/\/2horizontes.com\/index.php?rest_route=\/wp\/v2\/posts\/46388\/revisions"}],"predecessor-version":[{"id":46390,"href":"https:\/\/2horizontes.com\/index.php?rest_route=\/wp\/v2\/posts\/46388\/revisions\/46390"}],"wp:featuredmedia":[{"embeddable":true,"href":"https:\/\/2horizontes.com\/index.php?rest_route=\/wp\/v2\/media\/46389"}],"wp:attachment":[{"href":"https:\/\/2horizontes.com\/index.php?rest_route=%2Fwp%2Fv2%2Fmedia&parent=46388"}],"wp:term":[{"taxonomy":"category","embeddable":true,"href":"https:\/\/2horizontes.com\/index.php?rest_route=%2Fwp%2Fv2%2Fcategories&post=46388"},{"taxonomy":"post_tag","embeddable":true,"href":"https:\/\/2horizontes.com\/index.php?rest_route=%2Fwp%2Fv2%2Ftags&post=46388"}],"curies":[{"name":"wp","href":"https:\/\/api.w.org\/{rel}","templated":true}]}}