{"id":46345,"date":"2016-04-01T17:21:50","date_gmt":"2016-04-01T16:21:50","guid":{"rendered":"http:\/\/2horizontes.com\/?p=46345"},"modified":"2016-04-01T17:21:50","modified_gmt":"2016-04-01T16:21:50","slug":"rambo-se-va-de-maniobras-en-pleno-centro-de-madrid","status":"publish","type":"post","link":"https:\/\/2horizontes.com\/?p=46345","title":{"rendered":"Rambo se va de maniobras en pleno centro de Madrid"},"content":{"rendered":"<p>Despu\u00e9s del ciudadano que deambul\u00f3 durante horas con un rifle de imitaci\u00f3n apuntando a quien se cruzara por su camino, y del joven francotirador de 15 a\u00f1os que dispar\u00f3 varios perdigonazos a vecinos y patrullas policiales, ayer lleg\u00f3 Rambo a las calles de la capital. El tercer suceso extra\u00f1o de este tipo en un mes tuvo lugar en la plaza de Espa\u00f1a de Madrid donde la Polic\u00eda Municipal retuvo a una mujer ataviada con ropa de camuflaje y una cinta rosa en el pelo que se arrastraba por el suelo con un fusil.<\/p>\n<p>Le\u00eddo con la calma la situaci\u00f3n produce m\u00e1s risa que miedo, pero en el momento gener\u00f3 cierta alarma entre los viandantes que poblaban la c\u00e9ntrica plaza. La llamada de un ciudadano moviliz\u00f3 una patrulla que, inmediatamente, procedi\u00f3 a retener a \u2018la Rambo\u2019, y el interrogatorio posterior confirm\u00f3 que se trataba de una agente de la Guardia Civil que estaba realizando un servicio t\u00e1ctico.<\/p>\n<p>Seg\u00fan relata Voz Populi, quien ha adelantado la noticia, la mujer iba acompa\u00f1ada de otros dos compa\u00f1eros disfrazados, uno de bailar\u00edn y otro de bailarina asi\u00e1tica. En un primer momento, aseguraron que pertenec\u00edan a una compa\u00f1\u00eda de teatro, pero tras el interrogatorio de los agentes municipales, mostraron su verdadera identidad.<\/p>\n<p>Al parecer, este ejercicio forma parte de una pr\u00e1ctica de \u201cp\u00e9rdida de la verg\u00fcenza\u201d, que realizan en el Instituto Armado en una de sus fases de formaci\u00f3n. Los guardias civiles en ning\u00fan momento informaron al Ayuntamiento de Madrid de la realizaci\u00f3n de esta pr\u00e1ctica como s\u00ed ha ocurrido en otras ocasiones.<\/p>\n","protected":false},"excerpt":{"rendered":"<p>Despu\u00e9s del ciudadano que deambul\u00f3 durante horas con un rifle de imitaci\u00f3n apuntando a quien se cruzara por su camino, y del joven francotirador de 15 a\u00f1os que dispar\u00f3 varios perdigonazos a vecinos y patrullas policiales, ayer lleg\u00f3 Rambo a las calles de la capital. El tercer suceso extra\u00f1o de este tipo en un mes [&hellip;]<\/p>\n","protected":false},"author":3,"featured_media":46346,"comment_status":"open","ping_status":"open","sticky":false,"template":"","format":"standard","meta":{"footnotes":""},"categories":[85],"tags":[],"class_list":["post-46345","post","type-post","status-publish","format-standard","has-post-thumbnail","hentry","category-espana"],"_links":{"self":[{"href":"https:\/\/2horizontes.com\/index.php?rest_route=\/wp\/v2\/posts\/46345","targetHints":{"allow":["GET"]}}],"collection":[{"href":"https:\/\/2horizontes.com\/index.php?rest_route=\/wp\/v2\/posts"}],"about":[{"href":"https:\/\/2horizontes.com\/index.php?rest_route=\/wp\/v2\/types\/post"}],"author":[{"embeddable":true,"href":"https:\/\/2horizontes.com\/index.php?rest_route=\/wp\/v2\/users\/3"}],"replies":[{"embeddable":true,"href":"https:\/\/2horizontes.com\/index.php?rest_route=%2Fwp%2Fv2%2Fcomments&post=46345"}],"version-history":[{"count":1,"href":"https:\/\/2horizontes.com\/index.php?rest_route=\/wp\/v2\/posts\/46345\/revisions"}],"predecessor-version":[{"id":46347,"href":"https:\/\/2horizontes.com\/index.php?rest_route=\/wp\/v2\/posts\/46345\/revisions\/46347"}],"wp:featuredmedia":[{"embeddable":true,"href":"https:\/\/2horizontes.com\/index.php?rest_route=\/wp\/v2\/media\/46346"}],"wp:attachment":[{"href":"https:\/\/2horizontes.com\/index.php?rest_route=%2Fwp%2Fv2%2Fmedia&parent=46345"}],"wp:term":[{"taxonomy":"category","embeddable":true,"href":"https:\/\/2horizontes.com\/index.php?rest_route=%2Fwp%2Fv2%2Fcategories&post=46345"},{"taxonomy":"post_tag","embeddable":true,"href":"https:\/\/2horizontes.com\/index.php?rest_route=%2Fwp%2Fv2%2Ftags&post=46345"}],"curies":[{"name":"wp","href":"https:\/\/api.w.org\/{rel}","templated":true}]}}