{"id":46272,"date":"2016-03-31T22:58:08","date_gmt":"2016-03-31T21:58:08","guid":{"rendered":"http:\/\/2horizontes.com\/?p=46272"},"modified":"2016-03-31T22:58:08","modified_gmt":"2016-03-31T21:58:08","slug":"espectacular-incendio-de-una-furgoneta-en-el-centro-de-barcelona","status":"publish","type":"post","link":"https:\/\/2horizontes.com\/?p=46272","title":{"rendered":"Espectacular incendio de una furgoneta en el centro de Barcelona"},"content":{"rendered":"<p>Una espectacular columna de humo ha levantado todas las alarmas en el centro de Barcelona este mediod\u00eda.<\/p>\n<p>El origen, el incendio de una furgoneta, concretamente a las 12.08, en la confluencia entre las calles Sep\u00falveda y Compte d\u2019Urgell. Se desconoce c\u00f3mo se ha originado el fuego, que ya ha sido extinguido.<\/p>\n<p>Se incendia un cami\u00f3n en una calle c\u00e9ntrica de Barcelona<br \/>\nSe incendia un cami\u00f3n en una calle c\u00e9ntrica de Barcelona (Ricardo Sorroche).<\/p>\n<p>Fruto del incendio, ha resultado herido el conductor de la furgoneta, de 35 a\u00f1os, que ha sufrido quemaduras de poca consideraci\u00f3n en las manos y por ello ha sido trasladado al Hospital Cl\u00ednic.<\/p>\n<p>Adem\u00e1s de la furgoneta, el incendio ha afectado a dos veh\u00edculos m\u00e1s y un contenedor de basura.<\/p>\n<p>La Guardia Urbana ha tenido que cortar el tramo entre la calle Sep\u00falveda y la Gran V\u00eda ya que el veh\u00edculo afectado conten\u00eda pintura, que ha quedado totalmente calcinada. Al lugar de los hechos se han desplazado dos camiones de bomberos y una ambulancia del SEM.<\/p>\n","protected":false},"excerpt":{"rendered":"<p>Una espectacular columna de humo ha levantado todas las alarmas en el centro de Barcelona este mediod\u00eda. El origen, el incendio de una furgoneta, concretamente a las 12.08, en la confluencia entre las calles Sep\u00falveda y Compte d\u2019Urgell. Se desconoce c\u00f3mo se ha originado el fuego, que ya ha sido extinguido. Se incendia un cami\u00f3n [&hellip;]<\/p>\n","protected":false},"author":3,"featured_media":46273,"comment_status":"open","ping_status":"open","sticky":false,"template":"","format":"standard","meta":{"footnotes":""},"categories":[85],"tags":[],"class_list":["post-46272","post","type-post","status-publish","format-standard","has-post-thumbnail","hentry","category-espana"],"_links":{"self":[{"href":"https:\/\/2horizontes.com\/index.php?rest_route=\/wp\/v2\/posts\/46272","targetHints":{"allow":["GET"]}}],"collection":[{"href":"https:\/\/2horizontes.com\/index.php?rest_route=\/wp\/v2\/posts"}],"about":[{"href":"https:\/\/2horizontes.com\/index.php?rest_route=\/wp\/v2\/types\/post"}],"author":[{"embeddable":true,"href":"https:\/\/2horizontes.com\/index.php?rest_route=\/wp\/v2\/users\/3"}],"replies":[{"embeddable":true,"href":"https:\/\/2horizontes.com\/index.php?rest_route=%2Fwp%2Fv2%2Fcomments&post=46272"}],"version-history":[{"count":1,"href":"https:\/\/2horizontes.com\/index.php?rest_route=\/wp\/v2\/posts\/46272\/revisions"}],"predecessor-version":[{"id":46274,"href":"https:\/\/2horizontes.com\/index.php?rest_route=\/wp\/v2\/posts\/46272\/revisions\/46274"}],"wp:featuredmedia":[{"embeddable":true,"href":"https:\/\/2horizontes.com\/index.php?rest_route=\/wp\/v2\/media\/46273"}],"wp:attachment":[{"href":"https:\/\/2horizontes.com\/index.php?rest_route=%2Fwp%2Fv2%2Fmedia&parent=46272"}],"wp:term":[{"taxonomy":"category","embeddable":true,"href":"https:\/\/2horizontes.com\/index.php?rest_route=%2Fwp%2Fv2%2Fcategories&post=46272"},{"taxonomy":"post_tag","embeddable":true,"href":"https:\/\/2horizontes.com\/index.php?rest_route=%2Fwp%2Fv2%2Ftags&post=46272"}],"curies":[{"name":"wp","href":"https:\/\/api.w.org\/{rel}","templated":true}]}}