{"id":46236,"date":"2016-03-31T12:06:37","date_gmt":"2016-03-31T11:06:37","guid":{"rendered":"http:\/\/2horizontes.com\/?p=46236"},"modified":"2016-03-31T12:06:37","modified_gmt":"2016-03-31T11:06:37","slug":"mas-de-200-detenidos-en-pakistan-tras-el-atentado","status":"publish","type":"post","link":"https:\/\/2horizontes.com\/?p=46236","title":{"rendered":"M\u00e1s de 200 detenidos en Pakist\u00e1n tras el atentado"},"content":{"rendered":"<div>AFP \/Lahore, Pakist\u00e1n<\/div>\n<div><\/div>\n<div>Las autoridades paquistan\u00edes anunciaron ayer \u00a0la detenci\u00f3n de m\u00e1s de 200 personas en el marco de la investigaci\u00f3n por el atentado suicida que dej\u00f3 un saldo de 73 personas muertas en Lahore el d\u00eda de Pascua.<\/div>\n<div><\/div>\n<div>\u00abM\u00e1s de 5.000 personas han sido registradas e interrogadas y la mayor parte fueron liberadas, pero 216 siguen detenidas\u201d, dijo el ministro de Justicia de la provincia de Punjab, Rana Sanaullah, a la prensa en Lahore, la capital provincial paquistan\u00ed.<\/div>\n<div><\/div>\n<div>Rana Sanaullah agreg\u00f3 que se estaban llevando a cabo otras operaciones en todos los distritos de Punjab \u00abcontra activistas religiosos y extremistas\u201d.<\/div>\n<div><\/div>\n<div>Tambi\u00e9n se reforzaron las medidas de seguridad en torno a las 550 iglesias cristianas de la provincia, asegur\u00f3 a la prensa.<\/div>\n<div><\/div>\n<div>Los talibanes paquistan\u00edes reivindicaron el lunes este sangriento atentado suicida.<\/div>\n<div><\/div>\n<div>Las autoridades hab\u00edan anunciado una ola de operaciones policiales tras el atentado en la ciudad de donde es originario el primer ministro Nawaz Sharif y que es capital del Penyab, una provincia gobernada por su hermano Shahbaz, acusado de laxismo con los islamistas.<\/div>\n<div><\/div>\n<div>El ministro agreg\u00f3 ante los medios de \u00a0prensa que 56 operaciones fueron llevadas a cabo en las \u00faltimas 24 horas por la Polic\u00eda, el Ej\u00e9rcito y los servicios de Inteligencia en Penyab.<\/div>\n<div><\/div>\n<div>Est\u00e1n en curso otras operaciones policiales en esta provincia, la m\u00e1s grande y poblada de Pakist\u00e1n, \u00abcontra activistas religiosos y extremistas\u201d, agreg\u00f3.<\/div>\n<div><\/div>\n<div>Un equipo de cinco miembros estuvo encargado de coordinar la investigaci\u00f3n del atentado que conmociona a la sociedad.<\/div>\n","protected":false},"excerpt":{"rendered":"<p>AFP \/Lahore, Pakist\u00e1n Las autoridades paquistan\u00edes anunciaron ayer \u00a0la detenci\u00f3n de m\u00e1s de 200 personas en el marco de la investigaci\u00f3n por el atentado suicida que dej\u00f3 un saldo de 73 personas muertas en Lahore el d\u00eda de Pascua. \u00abM\u00e1s de 5.000 personas han sido registradas e interrogadas y la mayor parte fueron liberadas, pero [&hellip;]<\/p>\n","protected":false},"author":7,"featured_media":46237,"comment_status":"open","ping_status":"open","sticky":false,"template":"","format":"standard","meta":{"footnotes":""},"categories":[40],"tags":[],"class_list":["post-46236","post","type-post","status-publish","format-standard","has-post-thumbnail","hentry","category-internacionales"],"_links":{"self":[{"href":"https:\/\/2horizontes.com\/index.php?rest_route=\/wp\/v2\/posts\/46236","targetHints":{"allow":["GET"]}}],"collection":[{"href":"https:\/\/2horizontes.com\/index.php?rest_route=\/wp\/v2\/posts"}],"about":[{"href":"https:\/\/2horizontes.com\/index.php?rest_route=\/wp\/v2\/types\/post"}],"author":[{"embeddable":true,"href":"https:\/\/2horizontes.com\/index.php?rest_route=\/wp\/v2\/users\/7"}],"replies":[{"embeddable":true,"href":"https:\/\/2horizontes.com\/index.php?rest_route=%2Fwp%2Fv2%2Fcomments&post=46236"}],"version-history":[{"count":1,"href":"https:\/\/2horizontes.com\/index.php?rest_route=\/wp\/v2\/posts\/46236\/revisions"}],"predecessor-version":[{"id":46238,"href":"https:\/\/2horizontes.com\/index.php?rest_route=\/wp\/v2\/posts\/46236\/revisions\/46238"}],"wp:featuredmedia":[{"embeddable":true,"href":"https:\/\/2horizontes.com\/index.php?rest_route=\/wp\/v2\/media\/46237"}],"wp:attachment":[{"href":"https:\/\/2horizontes.com\/index.php?rest_route=%2Fwp%2Fv2%2Fmedia&parent=46236"}],"wp:term":[{"taxonomy":"category","embeddable":true,"href":"https:\/\/2horizontes.com\/index.php?rest_route=%2Fwp%2Fv2%2Fcategories&post=46236"},{"taxonomy":"post_tag","embeddable":true,"href":"https:\/\/2horizontes.com\/index.php?rest_route=%2Fwp%2Fv2%2Ftags&post=46236"}],"curies":[{"name":"wp","href":"https:\/\/api.w.org\/{rel}","templated":true}]}}