{"id":46233,"date":"2016-03-31T11:59:06","date_gmt":"2016-03-31T10:59:06","guid":{"rendered":"http:\/\/2horizontes.com\/?p=46233"},"modified":"2016-03-31T11:59:06","modified_gmt":"2016-03-31T10:59:06","slug":"afganos-desesperados-envian-a-sus-hijos-solos-a-europa","status":"publish","type":"post","link":"https:\/\/2horizontes.com\/?p=46233","title":{"rendered":"Afganos desesperados env\u00edan a sus hijos solos a Europa"},"content":{"rendered":"<p>AFP \/ Kabul<\/p>\n<p>&nbsp;<\/p>\n<p>Mohamed no olvidar\u00e1 nunca los ataques con granada; su cuerpo est\u00e1 plagado de cicatrices que le recuerdan que es blanco de los talibanes afganos. Tan desesperado est\u00e1 que confiar\u00e1 dos hijos a traficantes con la esperanza de que lleguen a Europa.<\/p>\n<p>&nbsp;<\/p>\n<p>Nunca hab\u00edan llegado tantos j\u00f3venes a Europa, un continente bajo fuerte crisis migratoria. En el camino afrontan m\u00faltiples peligros, como caer en las garras de traficantes de seres humanos o de depredadores sexuales.<\/p>\n<p>&nbsp;<\/p>\n<p>Mohamed no se desanima. \u00abMis hijos merecen vivir en un pa\u00eds sin atentados, sin asesinatos\u00bb, suspira. El a\u00f1o pasado decidi\u00f3 que enviar\u00eda a dos de sus ocho hijos, de 14 y 17 a\u00f1os, a Alemania y lo har\u00e1 recurriendo a traficantes de personas.<\/p>\n<p>&nbsp;<\/p>\n<p>Mohamed es fiscal de la provincia inestable de Ghazni (al sur de Kabul) y como tal envi\u00f3 a decenas de talibanes a la c\u00e1rcel. Sobrevivi\u00f3 a dos ataques con granada y recibi\u00f3 cartas de amenaza con el emblema de los talibanes. \u00abLa pr\u00f3xima vez te matamos\u00bb, le avisaron en una de ellas.<\/p>\n<p>&nbsp;<\/p>\n<p>Otra carta de los servicios de inteligencia afganos le advert\u00eda de los riesgos de secuestro que pesaban sobre \u00e9l y su familia. Unos riesgos acentuados por la evasi\u00f3n de cientos de presuntos combatientes de la c\u00e1rcel de Ghazni el a\u00f1o pasado. \u00abAunque Europa cierre sus fronteras y mis hijos se encuentren bloqueados en tierra de nadie, est\u00e1n m\u00e1s seguros que en Afganist\u00e1n\u00bb, afirma Mohamed, que prefiere no dar su apellido. \u00abEn el camino se exponen a que los maten pero si se quedan morir\u00e1n\u00bb.<\/p>\n<p>&nbsp;<\/p>\n<p>&#8216;Peligros&#8217;<\/p>\n<p>&nbsp;<\/p>\n<p>Su calvario lo viven otros muchos civiles afganos, v\u00edctimas de la guerra entre las fuerzas gubernamentales y la rebeli\u00f3n talib\u00e1n. Las estaciones de autobuses est\u00e1n llenas de traficantes que ofrecen sus servicios a afganos desesperados.<\/p>\n<p>&nbsp;<\/p>\n<p>El acuerdo reciente entre la Uni\u00f3n Europea y Turqu\u00eda para supuestamente frenar la afluencia de migrantes a Europa no parece disuadirlos. \u00abHay motivos para preguntarse lo que empuja a los padres a enviar a sus hijos a carreteras incre\u00edblemente peligrosas y exponerlos a un sinf\u00edn de riesgos\u00bb, reacciona Sarah Crowe de Unicef.<\/p>\n<p>&nbsp;<\/p>\n<p>Entre los menores no acompa\u00f1ados que llegan a Europa, los afganos son los m\u00e1s numerosos. La mayor\u00eda de los sirios son adultos. Sin ir m\u00e1s lejos, el a\u00f1o pasado Suecia recibi\u00f3 a 24.000 menores afganos.<\/p>\n<p>&nbsp;<\/p>\n<p>Una vez salvados los obst\u00e1culos del viaje hacia Europa, la vida en su lugar de destino tampoco es f\u00e1cil. \u00abTengo amigos que han llegado a Alemania. Por Skype me cuentan que no vaya, que no arriesgue mi vida\u00bb, afirma Hamid, el hijo de 17 a\u00f1os de Mohamed. \u00abPero \u00bftenemos elecci\u00f3n?\u00bb. Hamid vislumbra dos opciones: tomar un vuelo hacia Turqu\u00eda y llegar hasta Alemania pasando por Bulgaria, para evitar Grecia, donde miles de migrantes se han visto bloqueados o pasar por Ir\u00e1n y Turqu\u00eda. No sabe cu\u00e1ndo se ir\u00eda.<\/p>\n<p>&nbsp;<\/p>\n<p>Visado a 6.000 d\u00f3lares<\/p>\n<p>&nbsp;<\/p>\n<p>Con la intensificaci\u00f3n de los controles fronterizos, conseguir un visado para Turqu\u00eda o un destino europeo es todo un desaf\u00edo, y un fil\u00f3n para los expertos en falsificaciones. En una agencia de viajes de Kabul, Hamid se entera del precio de uno para Turqu\u00eda. \u00abPara los hombres solos son 6.000 d\u00f3lares. Si se va en familia, son 4.000 d\u00f3lares cada uno\u00bb, les responden. Una fortuna en un pa\u00eds donde el salario medio mensual gira en torno a los 100 d\u00f3lares. \u00ab\u00bfC\u00f3mo puedo estar seguro de que el visado no es falso\u00bb, pregunta. \u00abSu visado ser\u00e1 aut\u00e9ntico al 100%. Lo ver\u00e1 cuando llegue al aeropuerto\u00bb.<\/p>\n","protected":false},"excerpt":{"rendered":"<p>AFP \/ Kabul &nbsp; Mohamed no olvidar\u00e1 nunca los ataques con granada; su cuerpo est\u00e1 plagado de cicatrices que le recuerdan que es blanco de los talibanes afganos. Tan desesperado est\u00e1 que confiar\u00e1 dos hijos a traficantes con la esperanza de que lleguen a Europa. &nbsp; Nunca hab\u00edan llegado tantos j\u00f3venes a Europa, un continente [&hellip;]<\/p>\n","protected":false},"author":7,"featured_media":46234,"comment_status":"open","ping_status":"open","sticky":false,"template":"","format":"standard","meta":{"footnotes":""},"categories":[54,40],"tags":[],"class_list":["post-46233","post","type-post","status-publish","format-standard","has-post-thumbnail","hentry","category-emigrantes","category-internacionales"],"_links":{"self":[{"href":"https:\/\/2horizontes.com\/index.php?rest_route=\/wp\/v2\/posts\/46233","targetHints":{"allow":["GET"]}}],"collection":[{"href":"https:\/\/2horizontes.com\/index.php?rest_route=\/wp\/v2\/posts"}],"about":[{"href":"https:\/\/2horizontes.com\/index.php?rest_route=\/wp\/v2\/types\/post"}],"author":[{"embeddable":true,"href":"https:\/\/2horizontes.com\/index.php?rest_route=\/wp\/v2\/users\/7"}],"replies":[{"embeddable":true,"href":"https:\/\/2horizontes.com\/index.php?rest_route=%2Fwp%2Fv2%2Fcomments&post=46233"}],"version-history":[{"count":1,"href":"https:\/\/2horizontes.com\/index.php?rest_route=\/wp\/v2\/posts\/46233\/revisions"}],"predecessor-version":[{"id":46235,"href":"https:\/\/2horizontes.com\/index.php?rest_route=\/wp\/v2\/posts\/46233\/revisions\/46235"}],"wp:featuredmedia":[{"embeddable":true,"href":"https:\/\/2horizontes.com\/index.php?rest_route=\/wp\/v2\/media\/46234"}],"wp:attachment":[{"href":"https:\/\/2horizontes.com\/index.php?rest_route=%2Fwp%2Fv2%2Fmedia&parent=46233"}],"wp:term":[{"taxonomy":"category","embeddable":true,"href":"https:\/\/2horizontes.com\/index.php?rest_route=%2Fwp%2Fv2%2Fcategories&post=46233"},{"taxonomy":"post_tag","embeddable":true,"href":"https:\/\/2horizontes.com\/index.php?rest_route=%2Fwp%2Fv2%2Ftags&post=46233"}],"curies":[{"name":"wp","href":"https:\/\/api.w.org\/{rel}","templated":true}]}}