{"id":46227,"date":"2016-03-31T11:42:53","date_gmt":"2016-03-31T10:42:53","guid":{"rendered":"http:\/\/2horizontes.com\/?p=46227"},"modified":"2016-03-31T11:42:53","modified_gmt":"2016-03-31T10:42:53","slug":"allanan-el-obispado-de-lyon-por-caso-de-pedofilia","status":"publish","type":"post","link":"https:\/\/2horizontes.com\/?p=46227","title":{"rendered":"Allanan el obispado de Lyon por caso de pedofilia"},"content":{"rendered":"<p>AFP \/Lyon<\/p>\n<p>&nbsp;<\/p>\n<p>Los locales del obispado de Lyon fueron objeto de un allanamiento ayer\u00a0 por la ma\u00f1ana, en el marco de una investigaci\u00f3n por\u00a0 denuncia de agresiones sexuales contra responsables de la di\u00f3cesis, entre ellos el cardenal Philippe Barbarin, indic\u00f3 una fuente cercana al caso.<\/p>\n<p>&nbsp;<\/p>\n<p>Esta investigaci\u00f3n se realiza de manera paralela a la inculpaci\u00f3n, a fines de enero, del sacerdote Bernard Preynat por agresiones sexuales cometidas hace m\u00e1s de 25 a\u00f1os contra scouts en la periferia de Lyon.<\/p>\n<p>&nbsp;<\/p>\n<p>Varias v\u00edctimas demandaron a sus responsables religiosos, entre ellos el arzobispo de Lyon, al que acusan de no haber informado a la justicia sobre los actos del sacerdote cuando se enteraron de ellos, en 2007-2008, seg\u00fan sus propias afirmaciones.<\/p>\n<p>&nbsp;<\/p>\n<p>\u00abEn el marco de la investigaci\u00f3n preliminar abierta por la fiscal\u00eda de Lyon, la di\u00f3cesis de Lyon entreg\u00f3 hoy (ayer) a los investigadores que efectuaron el allanamiento los elementos que la justicia desea tener para aclarar esos acontecimientos dolorosos\u201d, confirm\u00f3 un comunicado de la di\u00f3cesis lionesa.<\/p>\n<p>&nbsp;<\/p>\n<p>El \u00abcardenal Philippe Barbarin expres\u00f3 numerosas veces su voluntad de cooperar con toda transparencia con la justicia\u201d y \u00abse mantiene a su disposici\u00f3n con confianza\u201d, agreg\u00f3 el comunicado emitido ayer.<\/p>\n<p>&nbsp;<\/p>\n<p>Seg\u00fan la fuente cercana al caso, este allanamiento se realiz\u00f3 tambi\u00e9n en el marco de una segunda investigaci\u00f3n preliminar, abierta despu\u00e9s que la fiscal\u00eda recibi\u00f3, en febrero, informaciones sobre hechos de pedofilia antiguos por parte de otro sacerdote de la di\u00f3cesis investigada por las autoridades judiciales.<\/p>\n","protected":false},"excerpt":{"rendered":"<p>AFP \/Lyon &nbsp; Los locales del obispado de Lyon fueron objeto de un allanamiento ayer\u00a0 por la ma\u00f1ana, en el marco de una investigaci\u00f3n por\u00a0 denuncia de agresiones sexuales contra responsables de la di\u00f3cesis, entre ellos el cardenal Philippe Barbarin, indic\u00f3 una fuente cercana al caso. &nbsp; Esta investigaci\u00f3n se realiza de manera paralela a [&hellip;]<\/p>\n","protected":false},"author":7,"featured_media":46228,"comment_status":"open","ping_status":"open","sticky":false,"template":"","format":"standard","meta":{"footnotes":""},"categories":[40],"tags":[],"class_list":["post-46227","post","type-post","status-publish","format-standard","has-post-thumbnail","hentry","category-internacionales"],"_links":{"self":[{"href":"https:\/\/2horizontes.com\/index.php?rest_route=\/wp\/v2\/posts\/46227","targetHints":{"allow":["GET"]}}],"collection":[{"href":"https:\/\/2horizontes.com\/index.php?rest_route=\/wp\/v2\/posts"}],"about":[{"href":"https:\/\/2horizontes.com\/index.php?rest_route=\/wp\/v2\/types\/post"}],"author":[{"embeddable":true,"href":"https:\/\/2horizontes.com\/index.php?rest_route=\/wp\/v2\/users\/7"}],"replies":[{"embeddable":true,"href":"https:\/\/2horizontes.com\/index.php?rest_route=%2Fwp%2Fv2%2Fcomments&post=46227"}],"version-history":[{"count":1,"href":"https:\/\/2horizontes.com\/index.php?rest_route=\/wp\/v2\/posts\/46227\/revisions"}],"predecessor-version":[{"id":46229,"href":"https:\/\/2horizontes.com\/index.php?rest_route=\/wp\/v2\/posts\/46227\/revisions\/46229"}],"wp:featuredmedia":[{"embeddable":true,"href":"https:\/\/2horizontes.com\/index.php?rest_route=\/wp\/v2\/media\/46228"}],"wp:attachment":[{"href":"https:\/\/2horizontes.com\/index.php?rest_route=%2Fwp%2Fv2%2Fmedia&parent=46227"}],"wp:term":[{"taxonomy":"category","embeddable":true,"href":"https:\/\/2horizontes.com\/index.php?rest_route=%2Fwp%2Fv2%2Fcategories&post=46227"},{"taxonomy":"post_tag","embeddable":true,"href":"https:\/\/2horizontes.com\/index.php?rest_route=%2Fwp%2Fv2%2Ftags&post=46227"}],"curies":[{"name":"wp","href":"https:\/\/api.w.org\/{rel}","templated":true}]}}