{"id":46224,"date":"2016-03-31T11:35:47","date_gmt":"2016-03-31T10:35:47","guid":{"rendered":"http:\/\/2horizontes.com\/?p=46224"},"modified":"2016-03-31T11:35:47","modified_gmt":"2016-03-31T10:35:47","slug":"detienen-a-un-hombre-por-ofrecer-a-la-venta-a-su-bebe-en-internet","status":"publish","type":"post","link":"https:\/\/2horizontes.com\/?p=46224","title":{"rendered":"Detienen a un hombre por ofrecer a la venta a su beb\u00e9 en internet"},"content":{"rendered":"<div id=\"ArticleAuthorDiv\" class=\"article-body-author\"><b>EFE<\/b><\/div>\n<div id=\"ArticleSourceDiv\" class=\"article-body-author\"><b>R\u00edo de Janeiro<\/b><\/div>\n<div id=\"ArticleBody\">\n<p>La Polic\u00eda brasile\u00f1a detuvo ayer a un hombre acusado de intentar vender al menor de sus tres hijos, un beb\u00e9 de menos de dos semanas de edad, a trav\u00e9s de un portal de anuncios clasificados en internet, informaron fuentes policiales.<\/p>\n<p>\u00abVendo lindo beb\u00e9 con diez d\u00edas de vida, hombre lindo, con salud total y comprobada. Magn\u00edfica inversi\u00f3n. Precio a acordar\u00bb, se\u00f1alaba el padre del peque\u00f1o, identificado como Abimael Moreira Caldeira Costa, en el anuncio que fue publicado en el portal OLX el pasado lunes y que inclu\u00eda fotos del beb\u00e9.<\/p>\n<p>La Polic\u00eda, alertada de la oferta de venta por una denuncia recibida el martes, detuvo en la madrugada de este mi\u00e9rcoles a los padres del beb\u00e9 en Ibirit\u00e9, municipio en la regi\u00f3n metropolitana de Belo Horizonte, capital del estado de Minas Gerais (sureste).<\/p>\n<p>En el momento de la detenci\u00f3n, el matrimonio ten\u00eda consigo las ropas que vest\u00eda el beb\u00e9 en las fotos publicadas.<\/p>\n<p>El padre, que inicialmente neg\u00f3 a la Polic\u00eda haber publicado el anuncio, acab\u00f3 confesando haber sido, efectivamente, el autor del mensaje, pero dijo que s\u00f3lo se trataba de una \u00abbroma\u00bb, seg\u00fan un comunicado de la Polic\u00eda Civil.<\/p>\n<p>Las autoridades confirmaron que el anuncio fue publicado a trav\u00e9s del correo electr\u00f3nico de la madre del peque\u00f1o, Fiama Aparecida, quien fue puesta en libertad tras declarar que su marido tambi\u00e9n ten\u00eda acceso a su cuenta y que ella no ten\u00eda conocimiento de la oferta.<\/p>\n<p>Adem\u00e1s del beb\u00e9, la pareja tiene otros dos hijos, una ni\u00f1a de cuatro a\u00f1os y un ni\u00f1o de dos.<\/p>\n<p>Los tres peque\u00f1os han sido puestos bajo la custodia del Consejo Tutelar, si bien la Polic\u00eda inform\u00f3 que ninguno de ellos presenta se\u00f1ales de malos tratos.<\/p>\n<p>Caldeira Costa, en caso de ser considerado culpable, puede ser condenado a prisi\u00f3n por violar los art\u00edculos 232 y 238 del Estatuto del Menor brasile\u00f1o. El primero proh\u00edbe someter a un menor a una \u00abvejaci\u00f3n\u00bb y el segundo impide \u00abofrecer a un ni\u00f1o a cambio de una promesa o recompensa\u00bb.<\/p>\n<\/div>\n","protected":false},"excerpt":{"rendered":"<p>EFE R\u00edo de Janeiro La Polic\u00eda brasile\u00f1a detuvo ayer a un hombre acusado de intentar vender al menor de sus tres hijos, un beb\u00e9 de menos de dos semanas de edad, a trav\u00e9s de un portal de anuncios clasificados en internet, informaron fuentes policiales. \u00abVendo lindo beb\u00e9 con diez d\u00edas de vida, hombre lindo, con [&hellip;]<\/p>\n","protected":false},"author":7,"featured_media":46225,"comment_status":"open","ping_status":"open","sticky":false,"template":"","format":"standard","meta":{"footnotes":""},"categories":[40],"tags":[],"class_list":["post-46224","post","type-post","status-publish","format-standard","has-post-thumbnail","hentry","category-internacionales"],"_links":{"self":[{"href":"https:\/\/2horizontes.com\/index.php?rest_route=\/wp\/v2\/posts\/46224","targetHints":{"allow":["GET"]}}],"collection":[{"href":"https:\/\/2horizontes.com\/index.php?rest_route=\/wp\/v2\/posts"}],"about":[{"href":"https:\/\/2horizontes.com\/index.php?rest_route=\/wp\/v2\/types\/post"}],"author":[{"embeddable":true,"href":"https:\/\/2horizontes.com\/index.php?rest_route=\/wp\/v2\/users\/7"}],"replies":[{"embeddable":true,"href":"https:\/\/2horizontes.com\/index.php?rest_route=%2Fwp%2Fv2%2Fcomments&post=46224"}],"version-history":[{"count":1,"href":"https:\/\/2horizontes.com\/index.php?rest_route=\/wp\/v2\/posts\/46224\/revisions"}],"predecessor-version":[{"id":46226,"href":"https:\/\/2horizontes.com\/index.php?rest_route=\/wp\/v2\/posts\/46224\/revisions\/46226"}],"wp:featuredmedia":[{"embeddable":true,"href":"https:\/\/2horizontes.com\/index.php?rest_route=\/wp\/v2\/media\/46225"}],"wp:attachment":[{"href":"https:\/\/2horizontes.com\/index.php?rest_route=%2Fwp%2Fv2%2Fmedia&parent=46224"}],"wp:term":[{"taxonomy":"category","embeddable":true,"href":"https:\/\/2horizontes.com\/index.php?rest_route=%2Fwp%2Fv2%2Fcategories&post=46224"},{"taxonomy":"post_tag","embeddable":true,"href":"https:\/\/2horizontes.com\/index.php?rest_route=%2Fwp%2Fv2%2Ftags&post=46224"}],"curies":[{"name":"wp","href":"https:\/\/api.w.org\/{rel}","templated":true}]}}