{"id":46202,"date":"2016-03-31T09:46:03","date_gmt":"2016-03-31T08:46:03","guid":{"rendered":"http:\/\/2horizontes.com\/?p=46202"},"modified":"2016-03-31T09:47:36","modified_gmt":"2016-03-31T08:47:36","slug":"reflexiones-2horizontes-2","status":"publish","type":"post","link":"https:\/\/2horizontes.com\/?p=46202","title":{"rendered":"Reflexiones 2Horizontes"},"content":{"rendered":"<p>Por Alfredo Mella<\/p>\n<p>Si le Crees a Dios, Comparte con tus amigos el Mensaje de hoy Jueves 31 de Marzo 2016. (JES\u00daS ACUSA A FARISEOS Y A INT\u00c9RPRETES DE LA LEY) Luego que hubo hablado, le rog\u00f3 un fariseo que comiese con el; y entrando Jes\u00fas en la casa, se sent\u00f3 a la mesa. El fariseo cuando lo vio, se extra\u00f1\u00f3 de que no hubiese lavado antes de comer. Pero el Se\u00f1or le dijo: Ahora bien, vosotros los fariseos limpias lo de afuera del vaso y del plato y del plato, pero por dentro est\u00e1is llenos de rapacidad y de maldad.<\/p>\n<p>Necios, \u00bfel que hizo lo de afuera, no hizo tambi\u00e9n lo de adentro? Pero dad limosna de lo que ten\u00e9is, y entonces todo os ser\u00e1 limpio. M\u00e1s \u00a1Ay de vosotros, fariseos! que diezm\u00e1is la menta, y la ruda, y toda hortaliza, y pas\u00e1is por alto la justicia y el amor de Dios. Esto os era necesario hacer, sin dejar aquello.<\/p>\n<p>\u00a1Ay de vosotros, fariseos! que am\u00e1is las primera sillas en las sinagogas, y las salutaciones en las plazas. \u00a1Ay de vosotros, escribas y fariseos, hip\u00f3critas! que soy como sepulcros que no se ven, y los hombres que andan encima no lo saben. SAN LUCAS 11:37:al 44, Cristo viene pronto y el te ama, b\u00fascale m\u00e1s, Dios te bendiga siempre y a tus seres queridos.<\/p>\n","protected":false},"excerpt":{"rendered":"<p>Por Alfredo Mella Si le Crees a Dios, Comparte con tus amigos el Mensaje de hoy Jueves 31 de Marzo 2016. (JES\u00daS ACUSA A FARISEOS Y A INT\u00c9RPRETES DE LA LEY) Luego que hubo hablado, le rog\u00f3 un fariseo que comiese con el; y entrando Jes\u00fas en la casa, se sent\u00f3 a la mesa. El [&hellip;]<\/p>\n","protected":false},"author":1,"featured_media":46203,"comment_status":"open","ping_status":"open","sticky":false,"template":"","format":"standard","meta":{"footnotes":""},"categories":[62,85,82],"tags":[],"class_list":["post-46202","post","type-post","status-publish","format-standard","has-post-thumbnail","hentry","category-cultura","category-espana","category-opinion"],"_links":{"self":[{"href":"https:\/\/2horizontes.com\/index.php?rest_route=\/wp\/v2\/posts\/46202","targetHints":{"allow":["GET"]}}],"collection":[{"href":"https:\/\/2horizontes.com\/index.php?rest_route=\/wp\/v2\/posts"}],"about":[{"href":"https:\/\/2horizontes.com\/index.php?rest_route=\/wp\/v2\/types\/post"}],"author":[{"embeddable":true,"href":"https:\/\/2horizontes.com\/index.php?rest_route=\/wp\/v2\/users\/1"}],"replies":[{"embeddable":true,"href":"https:\/\/2horizontes.com\/index.php?rest_route=%2Fwp%2Fv2%2Fcomments&post=46202"}],"version-history":[{"count":2,"href":"https:\/\/2horizontes.com\/index.php?rest_route=\/wp\/v2\/posts\/46202\/revisions"}],"predecessor-version":[{"id":46205,"href":"https:\/\/2horizontes.com\/index.php?rest_route=\/wp\/v2\/posts\/46202\/revisions\/46205"}],"wp:featuredmedia":[{"embeddable":true,"href":"https:\/\/2horizontes.com\/index.php?rest_route=\/wp\/v2\/media\/46203"}],"wp:attachment":[{"href":"https:\/\/2horizontes.com\/index.php?rest_route=%2Fwp%2Fv2%2Fmedia&parent=46202"}],"wp:term":[{"taxonomy":"category","embeddable":true,"href":"https:\/\/2horizontes.com\/index.php?rest_route=%2Fwp%2Fv2%2Fcategories&post=46202"},{"taxonomy":"post_tag","embeddable":true,"href":"https:\/\/2horizontes.com\/index.php?rest_route=%2Fwp%2Fv2%2Ftags&post=46202"}],"curies":[{"name":"wp","href":"https:\/\/api.w.org\/{rel}","templated":true}]}}