{"id":46187,"date":"2016-03-31T02:32:28","date_gmt":"2016-03-31T01:32:28","guid":{"rendered":"http:\/\/2horizontes.com\/?p=46187"},"modified":"2016-03-31T02:32:28","modified_gmt":"2016-03-31T01:32:28","slug":"cuatro-paises-latinoamericanos-participaran-en-la-cumbre-sobre-seguridad-nuclear","status":"publish","type":"post","link":"https:\/\/2horizontes.com\/?p=46187","title":{"rendered":"Cuatro pa\u00edses latinoamericanos participar\u00e1n en la cumbre sobre seguridad nuclear"},"content":{"rendered":"<p>Am\u00e9rica Latina estar\u00e1 representada esta semana por cuatro pa\u00edses en la cumbre sobre seguridad nuclear, para defender su \u00abejemplo\u00bb de una regi\u00f3n con uso exclusivamente pac\u00edfico de la energ\u00eda at\u00f3mica, dijo este mi\u00e9rcoles la canciller argentina, Susana Malcorra.<\/p>\n<p>En la visi\u00f3n de la jefa de la diplomacia argentina, la regi\u00f3n \u201ces capaz de ejemplificar como el uso de la energ\u00eda at\u00f3mica (&#8230;) puede servir a la gente\u201d y esa capacidad \u201ces fundamental y un ejemplo para el resto del mundo\u201d.<\/p>\n<p>La regi\u00f3n latinoamericana \u00abes una regi\u00f3n de paz, una regi\u00f3n libre de conflictos. Estamos esperando que se firme el acuerdo entre las FARC y el gobierno de Colombia para, literalmente, no tener m\u00e1s ning\u00fan conflicto\u00bb, expres\u00f3 Malcorra en una conferencia de prensa.<\/p>\n<p>Los presidentes presidente Mauricio Macri (Argentina), Michelle Bachelet (Chile) y Enrique Pe\u00f1a Nieto (M\u00e9xico) han confirmado su presencia en la reuni\u00f3n cumbre convocada por la Casa Blanca para este jueves y el viernes.<\/p>\n<p>La presidente Dilma Rousseff, de Brasil, cancel\u00f3 a \u00faltimo momento su presencia ante el agravamiento de la crisis pol\u00edtica que amenaza a su gobierno. En su lugar la delegaci\u00f3n brasile\u00f1a estar\u00e1 el canciller Mauro Vieira.<\/p>\n<p>Malcorra dijo este mi\u00e9rcoles que Macri \u00abser\u00e1 uno de los l\u00edderes que va intervenir en la apertura de la Cumbre\u00bb, ante un pedido formulado por el propio mandatario argentino. La seguridad en material nuclear, dijo Malcorra, \u00abes un tema de Estado en nuestro pa\u00eds. Por eso es muy respetada la visi\u00f3n de Argentina, as\u00ed como su perspectiva y tambi\u00e9n su contribuci\u00f3n\u00bb.<\/p>\n","protected":false},"excerpt":{"rendered":"<p>Am\u00e9rica Latina estar\u00e1 representada esta semana por cuatro pa\u00edses en la cumbre sobre seguridad nuclear, para defender su \u00abejemplo\u00bb de una regi\u00f3n con uso exclusivamente pac\u00edfico de la energ\u00eda at\u00f3mica, dijo este mi\u00e9rcoles la canciller argentina, Susana Malcorra. En la visi\u00f3n de la jefa de la diplomacia argentina, la regi\u00f3n \u201ces capaz de ejemplificar como [&hellip;]<\/p>\n","protected":false},"author":13240,"featured_media":46188,"comment_status":"open","ping_status":"open","sticky":false,"template":"","format":"standard","meta":{"footnotes":""},"categories":[40,43],"tags":[],"class_list":["post-46187","post","type-post","status-publish","format-standard","has-post-thumbnail","hentry","category-internacionales","category-politica"],"_links":{"self":[{"href":"https:\/\/2horizontes.com\/index.php?rest_route=\/wp\/v2\/posts\/46187","targetHints":{"allow":["GET"]}}],"collection":[{"href":"https:\/\/2horizontes.com\/index.php?rest_route=\/wp\/v2\/posts"}],"about":[{"href":"https:\/\/2horizontes.com\/index.php?rest_route=\/wp\/v2\/types\/post"}],"author":[{"embeddable":true,"href":"https:\/\/2horizontes.com\/index.php?rest_route=\/wp\/v2\/users\/13240"}],"replies":[{"embeddable":true,"href":"https:\/\/2horizontes.com\/index.php?rest_route=%2Fwp%2Fv2%2Fcomments&post=46187"}],"version-history":[{"count":1,"href":"https:\/\/2horizontes.com\/index.php?rest_route=\/wp\/v2\/posts\/46187\/revisions"}],"predecessor-version":[{"id":46189,"href":"https:\/\/2horizontes.com\/index.php?rest_route=\/wp\/v2\/posts\/46187\/revisions\/46189"}],"wp:featuredmedia":[{"embeddable":true,"href":"https:\/\/2horizontes.com\/index.php?rest_route=\/wp\/v2\/media\/46188"}],"wp:attachment":[{"href":"https:\/\/2horizontes.com\/index.php?rest_route=%2Fwp%2Fv2%2Fmedia&parent=46187"}],"wp:term":[{"taxonomy":"category","embeddable":true,"href":"https:\/\/2horizontes.com\/index.php?rest_route=%2Fwp%2Fv2%2Fcategories&post=46187"},{"taxonomy":"post_tag","embeddable":true,"href":"https:\/\/2horizontes.com\/index.php?rest_route=%2Fwp%2Fv2%2Ftags&post=46187"}],"curies":[{"name":"wp","href":"https:\/\/api.w.org\/{rel}","templated":true}]}}