{"id":46159,"date":"2016-03-30T20:24:54","date_gmt":"2016-03-30T19:24:54","guid":{"rendered":"http:\/\/2horizontes.com\/?p=46159"},"modified":"2016-03-30T20:24:54","modified_gmt":"2016-03-30T19:24:54","slug":"barcelona-y-madrid-reformaran-a-la-vez-sus-plazas-espana","status":"publish","type":"post","link":"https:\/\/2horizontes.com\/?p=46159","title":{"rendered":"Barcelona y Madrid reformar\u00e1n a la vez sus plazas Espa\u00f1a"},"content":{"rendered":"<p>Un mismo \u00edtem se repite en las agendas urban\u00edsticas de Barcelona y Madrid: reformar en 2017 las respectivas plazas Espa\u00f1a, dos puntos neur\u00e1lgicos para la movilidad local con pocos alicientes para el peat\u00f3n.<\/p>\n<p>La coincidencia nace de dos contextos diferentes, puesto que la propuesta madrile\u00f1a aspira a reformular por completo la plaza y restarle espacio al tr\u00e1nsito rodado mediante un proyecto elegido por concurso internacional y refer\u00e9ndum ciudadano, mientras que el proyecto barcelon\u00e9s nace de la dificultad t\u00e9cnica de incorporar un carril para bicicletas a la macrorotonda, lo que se aprovechar\u00e1 para crear un grupo de an\u00e1lisis que estudie otros cambios como ampliar aceras y dar continuidad al Paral\u00b7lel.<\/p>\n<p>Inicio de obras en Madrid a finales de a\u00f1o<\/p>\n<p>La reforma de la plaza Espa\u00f1a madrile\u00f1a podr\u00eda empezar ya en 2016, dado el respaldo vecinal que ha logrado el primer cuestionario vinculante ideado por el Ayuntamiento de Madrid sobre las obras. Un 62,98% (16.767 personas) de los participantes consideraron necesario el proyecto, frente al 26,80% (7.136 personas) que optaron por el \u2018no\u2019 y el 10,21% que se mostr\u00f3 indeciso (2.719).<\/p>\n<p>Ante estas cifras, el consistorio de Carmena ya ha avanzado que la decisi\u00f3n de remodelar la plaza Espa\u00f1a queda ratificada. S\u00f3lo un imprevisto en la tramitaci\u00f3n pol\u00edtica del proyecto, o un rev\u00e9s en el apartado arquitect\u00f3nico demorar\u00eda los plazos hasta el primer trimestre de 2017.<\/p>\n<p>El cuestionario recog\u00eda tambi\u00e9n las preferencias y propuestas de los vecinos, que servir\u00e1n de base para el futuro concurso internacional de proyectos que el consistorio convocar\u00e1 junto al Colegio de Arquitectos de Madrid.<\/p>\n<p>Una vez cerrado el plazo de recepci\u00f3n de proyectos y seleccionados los finalistas, la ciudadan\u00eda podr\u00e1 votar en un refer\u00e9ndum popular a partir de agosto qu\u00e9 propuesta ser\u00e1 la que finalmente se materialice. \u201cAhora viene la parte m\u00e1s emocionante porque la gente votar\u00e1 los proyectos\u201d, ha asegurado el delegado de Participaci\u00f3n Ciudadana, Transparencia y Gobierno Abierto, Pablo Soto.<\/p>\n<p>La elecci\u00f3n del ganador se producir\u00e1 previsiblemente entre \u201coctubre y noviembre\u201d, seguida de inmediata de la licitaci\u00f3n. Dentro de las propuestas realizadas resalta una que aboga por unir la Casa de Campo con los Jardines de Sabatini y el Parque del Oeste, lo que supondr\u00eda poner en cuesti\u00f3n el paso elevado del tr\u00e1fico de la calle Bail\u00e9n.<\/p>\n<p>Los resultados del cuestionario -el mayor proceso participativo de la ciudad hasta el momento- y la intenci\u00f3n municipal apuntan a que la futura Plaza de Espa\u00f1a mantendr\u00e1 el monumento a Cervantes, tendr\u00e1 m\u00e1s \u00e1rboles y har\u00e1 peatonal el paso elevado de Bail\u00e9n.<\/p>\n<p>No planteamos cortar Bail\u00e9n o Gran V\u00eda, sino hacer una reducci\u00f3n progresiva del tr\u00e1fico\u201d, ha detallado el delegado de Desarrollo Urbano Sostenible, Jos\u00e9 Manuel Calvo.<\/p>\n","protected":false},"excerpt":{"rendered":"<p>Un mismo \u00edtem se repite en las agendas urban\u00edsticas de Barcelona y Madrid: reformar en 2017 las respectivas plazas Espa\u00f1a, dos puntos neur\u00e1lgicos para la movilidad local con pocos alicientes para el peat\u00f3n. La coincidencia nace de dos contextos diferentes, puesto que la propuesta madrile\u00f1a aspira a reformular por completo la plaza y restarle espacio [&hellip;]<\/p>\n","protected":false},"author":3,"featured_media":46160,"comment_status":"open","ping_status":"open","sticky":false,"template":"","format":"standard","meta":{"footnotes":""},"categories":[85],"tags":[],"class_list":["post-46159","post","type-post","status-publish","format-standard","has-post-thumbnail","hentry","category-espana"],"_links":{"self":[{"href":"https:\/\/2horizontes.com\/index.php?rest_route=\/wp\/v2\/posts\/46159","targetHints":{"allow":["GET"]}}],"collection":[{"href":"https:\/\/2horizontes.com\/index.php?rest_route=\/wp\/v2\/posts"}],"about":[{"href":"https:\/\/2horizontes.com\/index.php?rest_route=\/wp\/v2\/types\/post"}],"author":[{"embeddable":true,"href":"https:\/\/2horizontes.com\/index.php?rest_route=\/wp\/v2\/users\/3"}],"replies":[{"embeddable":true,"href":"https:\/\/2horizontes.com\/index.php?rest_route=%2Fwp%2Fv2%2Fcomments&post=46159"}],"version-history":[{"count":1,"href":"https:\/\/2horizontes.com\/index.php?rest_route=\/wp\/v2\/posts\/46159\/revisions"}],"predecessor-version":[{"id":46161,"href":"https:\/\/2horizontes.com\/index.php?rest_route=\/wp\/v2\/posts\/46159\/revisions\/46161"}],"wp:featuredmedia":[{"embeddable":true,"href":"https:\/\/2horizontes.com\/index.php?rest_route=\/wp\/v2\/media\/46160"}],"wp:attachment":[{"href":"https:\/\/2horizontes.com\/index.php?rest_route=%2Fwp%2Fv2%2Fmedia&parent=46159"}],"wp:term":[{"taxonomy":"category","embeddable":true,"href":"https:\/\/2horizontes.com\/index.php?rest_route=%2Fwp%2Fv2%2Fcategories&post=46159"},{"taxonomy":"post_tag","embeddable":true,"href":"https:\/\/2horizontes.com\/index.php?rest_route=%2Fwp%2Fv2%2Ftags&post=46159"}],"curies":[{"name":"wp","href":"https:\/\/api.w.org\/{rel}","templated":true}]}}