{"id":46113,"date":"2016-03-30T02:45:15","date_gmt":"2016-03-30T01:45:15","guid":{"rendered":"http:\/\/2horizontes.com\/?p=46113"},"modified":"2016-03-30T02:45:15","modified_gmt":"2016-03-30T01:45:15","slug":"presidenta-de-telesur-esta-dispuesta-a-conversar-con-el-gobierno-argentino","status":"publish","type":"post","link":"https:\/\/2horizontes.com\/?p=46113","title":{"rendered":"Presidenta de Telesur est\u00e1 dispuesta a conversar con el gobierno argentino"},"content":{"rendered":"<p>La presidenta del canal interestatal Telesur, Patricia Villegas, asegur\u00f3 hoy que est\u00e1 dispuesta a conversar y a \u201creconocer los errores\u201d que se hayan cometido desde el canal internacional luego de que el gobierno de Argentina anunciara su desvinculaci\u00f3n con la cadena.<\/p>\n<p>\u201cRevisemos la programaci\u00f3n de Telesur, pero de verdad, porque adem\u00e1s yo estoy dispuesta a reconocer los errores que cometamos\u201d, dijo Villegas al ser entrevistada en un noticiero del canal que preside.<\/p>\n<p>El Estado argentino, propietario del 16 % de las acciones, anunci\u00f3 el pasado domingo que inici\u00f3 el tr\u00e1mite para dejar de participar como accionista en la cadena de televisi\u00f3n Telesur, que emite su se\u00f1al desde Venezuela.<\/p>\n<p>Villegas revel\u00f3 que d\u00edas antes de conocer la decisi\u00f3n del gobierno argentino, tuvo una conversaci\u00f3n con un funcionario estatal que le consult\u00f3 la posibilidad de que la Administraci\u00f3n de Mauricio Macri incluyera contenido en la programaci\u00f3n de Telesur, algo a lo que la presidenta del canal de noticias se neg\u00f3.<\/p>\n<p>\u201cLos contenidos de Telesur son definidos por sus trabajadores y por el devenir hist\u00f3rico de los hechos\u201d, dijo Villegas, que subray\u00f3 que la l\u00ednea informativa \u201cno la define ning\u00fan gobierno\u201d.<\/p>\n<p>Narr\u00f3 que en esa conversaci\u00f3n advirti\u00f3 al funcionario argentino que esa solicitud \u201ces innegociable\u201d.<\/p>\n<p>\u201cYo le digo al ministro (de Medios y Contenidos P\u00fablicos de Argentina, Hern\u00e1n Lombardi) y a los funcionarios del gobierno argentino: \u2018Aqu\u00ed estamos nosotros para el debate, no tenemos que ponernos de acuerdo, demos la batalla de las ideas pero con realidad\u201d, a\u00f1adi\u00f3 Villegas.<\/p>\n<p>Se refiri\u00f3 a la decisi\u00f3n gubernamental sobre Telesur como una decisi\u00f3n \u201cpol\u00edtica\u201d, porque, dijo: \u201cAqu\u00ed no estamos hablando de acciones ni de austeridad, (\u2026) el tema es una decisi\u00f3n pol\u00edtica\u201d.<\/p>\n<p>Asimismo se dijo sorprendida de que la decisi\u00f3n haya sido difundida a trav\u00e9s de un medio y no de una comunicaci\u00f3n institucional a la cadena, algo que, a su juicio, es la forma correcta de proceder.<\/p>\n<p>El canal Telesur, con base en Caracas, en el que tambi\u00e9n son accionistas Venezuela, Cuba, Ecuador, Bolivia, Nicaragua y Uruguay, naci\u00f3 en 2005 tras varios a\u00f1os de insistencia de su principal propulsor, el fallecido presidente venezolano Hugo Ch\u00e1vez (1999-2013).<\/p>\n","protected":false},"excerpt":{"rendered":"<p>La presidenta del canal interestatal Telesur, Patricia Villegas, asegur\u00f3 hoy que est\u00e1 dispuesta a conversar y a \u201creconocer los errores\u201d que se hayan cometido desde el canal internacional luego de que el gobierno de Argentina anunciara su desvinculaci\u00f3n con la cadena. \u201cRevisemos la programaci\u00f3n de Telesur, pero de verdad, porque adem\u00e1s yo estoy dispuesta a [&hellip;]<\/p>\n","protected":false},"author":13240,"featured_media":46114,"comment_status":"open","ping_status":"open","sticky":false,"template":"","format":"standard","meta":{"footnotes":""},"categories":[40],"tags":[],"class_list":["post-46113","post","type-post","status-publish","format-standard","has-post-thumbnail","hentry","category-internacionales"],"_links":{"self":[{"href":"https:\/\/2horizontes.com\/index.php?rest_route=\/wp\/v2\/posts\/46113","targetHints":{"allow":["GET"]}}],"collection":[{"href":"https:\/\/2horizontes.com\/index.php?rest_route=\/wp\/v2\/posts"}],"about":[{"href":"https:\/\/2horizontes.com\/index.php?rest_route=\/wp\/v2\/types\/post"}],"author":[{"embeddable":true,"href":"https:\/\/2horizontes.com\/index.php?rest_route=\/wp\/v2\/users\/13240"}],"replies":[{"embeddable":true,"href":"https:\/\/2horizontes.com\/index.php?rest_route=%2Fwp%2Fv2%2Fcomments&post=46113"}],"version-history":[{"count":1,"href":"https:\/\/2horizontes.com\/index.php?rest_route=\/wp\/v2\/posts\/46113\/revisions"}],"predecessor-version":[{"id":46115,"href":"https:\/\/2horizontes.com\/index.php?rest_route=\/wp\/v2\/posts\/46113\/revisions\/46115"}],"wp:featuredmedia":[{"embeddable":true,"href":"https:\/\/2horizontes.com\/index.php?rest_route=\/wp\/v2\/media\/46114"}],"wp:attachment":[{"href":"https:\/\/2horizontes.com\/index.php?rest_route=%2Fwp%2Fv2%2Fmedia&parent=46113"}],"wp:term":[{"taxonomy":"category","embeddable":true,"href":"https:\/\/2horizontes.com\/index.php?rest_route=%2Fwp%2Fv2%2Fcategories&post=46113"},{"taxonomy":"post_tag","embeddable":true,"href":"https:\/\/2horizontes.com\/index.php?rest_route=%2Fwp%2Fv2%2Ftags&post=46113"}],"curies":[{"name":"wp","href":"https:\/\/api.w.org\/{rel}","templated":true}]}}