{"id":46028,"date":"2016-03-29T13:51:54","date_gmt":"2016-03-29T12:51:54","guid":{"rendered":"http:\/\/2horizontes.com\/?p=46028"},"modified":"2016-03-29T13:51:54","modified_gmt":"2016-03-29T12:51:54","slug":"fallece-la-lider-feminista-magaly-pineda","status":"publish","type":"post","link":"https:\/\/2horizontes.com\/?p=46028","title":{"rendered":"Fallece la l\u00edder feminista Magaly Pineda"},"content":{"rendered":"<div id=\"ArticleSourceDiv\" class=\"article-body-author\"><b>Santo Domingo<\/b><\/div>\n<div id=\"ArticleBody\">\n<p>Falleci\u00f3 la madrugada de este martes, la l\u00edder feminista Magaly Pineda Tejada, aquejada de un c\u00e1ncer que le fue diagnosticado hace aproximadamente doce a\u00f1os.<\/p>\n<p>La informaci\u00f3n la confirm\u00f3 su esposo Rafael (Fafa) Taveras en su cuenta de Twitter.<\/p>\n<p>\u201cMagaly Pineda, luchadora incansable por los derechos de la mujer y de la democracia, ha muerto\u201d, dice el tuit.<\/p>\n<p>Los restos de Pineda ser\u00e1n velados hoy en la tarde en la funeraria Blandino de la avenida Abraham Lincoln.<\/p>\n<p>Magaly Pineda fue \u00a0dirigente estudiantil y de izquierda, licenciada en Ciencias Sociales y catedr\u00e1tica universitaria.<\/p>\n<p>Form\u00f3 parte de la Federaci\u00f3n de Mujeres Dominicanas, que existi\u00f3 entre 1961 y 1969. Abogaba por una sociedad m\u00e1s justa y luchaba por un trato no discriminatorio hacia la mujer.<\/p>\n<p>F. List\u00edn Diario.<\/p>\n<\/div>\n","protected":false},"excerpt":{"rendered":"<p>Santo Domingo Falleci\u00f3 la madrugada de este martes, la l\u00edder feminista Magaly Pineda Tejada, aquejada de un c\u00e1ncer que le fue diagnosticado hace aproximadamente doce a\u00f1os. La informaci\u00f3n la confirm\u00f3 su esposo Rafael (Fafa) Taveras en su cuenta de Twitter. \u201cMagaly Pineda, luchadora incansable por los derechos de la mujer y de la democracia, ha [&hellip;]<\/p>\n","protected":false},"author":7,"featured_media":46029,"comment_status":"open","ping_status":"open","sticky":false,"template":"","format":"standard","meta":{"footnotes":""},"categories":[56,44],"tags":[],"class_list":["post-46028","post","type-post","status-publish","format-standard","has-post-thumbnail","hentry","category-notas-luctuosas","category-republica-dominicana"],"_links":{"self":[{"href":"https:\/\/2horizontes.com\/index.php?rest_route=\/wp\/v2\/posts\/46028","targetHints":{"allow":["GET"]}}],"collection":[{"href":"https:\/\/2horizontes.com\/index.php?rest_route=\/wp\/v2\/posts"}],"about":[{"href":"https:\/\/2horizontes.com\/index.php?rest_route=\/wp\/v2\/types\/post"}],"author":[{"embeddable":true,"href":"https:\/\/2horizontes.com\/index.php?rest_route=\/wp\/v2\/users\/7"}],"replies":[{"embeddable":true,"href":"https:\/\/2horizontes.com\/index.php?rest_route=%2Fwp%2Fv2%2Fcomments&post=46028"}],"version-history":[{"count":1,"href":"https:\/\/2horizontes.com\/index.php?rest_route=\/wp\/v2\/posts\/46028\/revisions"}],"predecessor-version":[{"id":46030,"href":"https:\/\/2horizontes.com\/index.php?rest_route=\/wp\/v2\/posts\/46028\/revisions\/46030"}],"wp:featuredmedia":[{"embeddable":true,"href":"https:\/\/2horizontes.com\/index.php?rest_route=\/wp\/v2\/media\/46029"}],"wp:attachment":[{"href":"https:\/\/2horizontes.com\/index.php?rest_route=%2Fwp%2Fv2%2Fmedia&parent=46028"}],"wp:term":[{"taxonomy":"category","embeddable":true,"href":"https:\/\/2horizontes.com\/index.php?rest_route=%2Fwp%2Fv2%2Fcategories&post=46028"},{"taxonomy":"post_tag","embeddable":true,"href":"https:\/\/2horizontes.com\/index.php?rest_route=%2Fwp%2Fv2%2Ftags&post=46028"}],"curies":[{"name":"wp","href":"https:\/\/api.w.org\/{rel}","templated":true}]}}