{"id":46019,"date":"2016-03-29T13:24:04","date_gmt":"2016-03-29T12:24:04","guid":{"rendered":"http:\/\/2horizontes.com\/?p=46019"},"modified":"2016-03-29T13:24:04","modified_gmt":"2016-03-29T12:24:04","slug":"privert-juramenta-al-nuevo-primer-ministro-de-haiti","status":"publish","type":"post","link":"https:\/\/2horizontes.com\/?p=46019","title":{"rendered":"Privert juramenta al nuevo primer ministro de Hait\u00ed"},"content":{"rendered":"<div id=\"ArticleAuthorDiv\" class=\"article-body-author\"><b>EFE<\/b><\/div>\n<div id=\"ArticleSourceDiv\" class=\"article-body-author\"><b>Puerto Pr\u00edncipe<\/b><\/div>\n<div id=\"ArticleBody\">\n<p>El presidente provisional de Hait\u00ed, Jocelerme Privert, presidi\u00f3 ayer la toma de posesi\u00f3n del nuevo Gobierno, dirigido por el reci\u00e9n designado primer ministro Enex Jean Charles, en una ceremonia en la que anunci\u00f3 que, en las pr\u00f3ximas 24 horas, se conformar\u00e1 un nuevo Consejo Electoral Provisional (CEP).<\/p>\n<p>En su intervenci\u00f3n, el presidente Privert indic\u00f3 que \u201cpor segunda vez en dos semanas estoy aqu\u00ed con un nuevo primer ministro, esta vez con su Gobierno\u201d, circunstancia que calific\u00f3 como \u201cun paso importante para avanzar hacia la estabilidad\u201d.<\/p>\n<p>\u201cEstoy confiando en este equipo de Gobierno para trabajar juntos para servir al pa\u00eds, para servir al pueblo. Queremos decir a todos que estamos aqu\u00ed para respetar nuestros compromisos nacionales e internacionales\u201d, agreg\u00f3.<\/p>\n<p>Asimismo, exhort\u00f3 al nuevo Gobierno a trabajar para el pa\u00eds, y al primer ministro a utilizar su posici\u00f3n para lograr la paz y estabilidad, ya que \u201cel voto de confianza del Parlamento es un voto para trabajar para el pueblo y con todos\u201d. \u201cHoy es momento crucial para el pa\u00eds, quiero dar las gracias a todos por trabajar desde hoy, porque tenemos muchos problemas de urgencia que abordar lo m\u00e1s pronto posible\u201d y anunci\u00f3 que, con el objetivo de avanzar r\u00e1pido \u201cma\u00f1ana vamos a organizar un Consejo de Ministros para nombrar el nuevo CEP en las pr\u00f3ximas 24 horas\u201d.<\/p>\n<p><strong>(+)<br \/>\nUN GOBIERNO FUNCIONAL DE CASI DOS MESES<\/strong><br \/>\nCon la toma de posesi\u00f3n de ayer, celebrada en el Palacio Nacional con la presencia del ex primer ministro de Evans Paul, el pa\u00eds cuenta con un Gobierno funcional casi dos meses despu\u00e9s de la partida del expresidente Michel Martelly, que concluy\u00f3 su mandato el pasado 7 de febrero sin que se hubiese elegido a su sucesor. Privert, que era titular del Senado, accedi\u00f3 a la Presidencia una semana despu\u00e9s.<\/p>\n<p>El nuevo primer ministro prometi\u00f3 trabajar por La Paz y la estabilidad y asegur\u00f3 que su Ministerio dar\u00e1 prioridad a los intereses del pa\u00eds, que est\u00e1 en una situaci\u00f3n de urgencia. \u201cEstoy muy satisfecho estar aqu\u00ed hoy, despu\u00e9s de obtener el voto casi un\u00e1nime del Parlamento. Ponen sus confianza en m\u00ed y quiero trabajar para mi pa\u00eds.<\/p>\n<p>Es un honor para m\u00ed servir a mi pa\u00eds despu\u00e9s de mi nombramiento por parte del presidente Jocelerme Privert\u201d, dijo Enex Jean Charles. El primer ministro alab\u00f3 a los parlamentarios \u201cque ponen el pa\u00eds antes de cualquier inter\u00e9s\u201d&#8230;<\/p>\n<\/div>\n","protected":false},"excerpt":{"rendered":"<p>EFE Puerto Pr\u00edncipe El presidente provisional de Hait\u00ed, Jocelerme Privert, presidi\u00f3 ayer la toma de posesi\u00f3n del nuevo Gobierno, dirigido por el reci\u00e9n designado primer ministro Enex Jean Charles, en una ceremonia en la que anunci\u00f3 que, en las pr\u00f3ximas 24 horas, se conformar\u00e1 un nuevo Consejo Electoral Provisional (CEP). En su intervenci\u00f3n, el presidente [&hellip;]<\/p>\n","protected":false},"author":7,"featured_media":46020,"comment_status":"open","ping_status":"open","sticky":false,"template":"","format":"standard","meta":{"footnotes":""},"categories":[47,40,43],"tags":[],"class_list":["post-46019","post","type-post","status-publish","format-standard","has-post-thumbnail","hentry","category-haiti","category-internacionales","category-politica"],"_links":{"self":[{"href":"https:\/\/2horizontes.com\/index.php?rest_route=\/wp\/v2\/posts\/46019","targetHints":{"allow":["GET"]}}],"collection":[{"href":"https:\/\/2horizontes.com\/index.php?rest_route=\/wp\/v2\/posts"}],"about":[{"href":"https:\/\/2horizontes.com\/index.php?rest_route=\/wp\/v2\/types\/post"}],"author":[{"embeddable":true,"href":"https:\/\/2horizontes.com\/index.php?rest_route=\/wp\/v2\/users\/7"}],"replies":[{"embeddable":true,"href":"https:\/\/2horizontes.com\/index.php?rest_route=%2Fwp%2Fv2%2Fcomments&post=46019"}],"version-history":[{"count":1,"href":"https:\/\/2horizontes.com\/index.php?rest_route=\/wp\/v2\/posts\/46019\/revisions"}],"predecessor-version":[{"id":46021,"href":"https:\/\/2horizontes.com\/index.php?rest_route=\/wp\/v2\/posts\/46019\/revisions\/46021"}],"wp:featuredmedia":[{"embeddable":true,"href":"https:\/\/2horizontes.com\/index.php?rest_route=\/wp\/v2\/media\/46020"}],"wp:attachment":[{"href":"https:\/\/2horizontes.com\/index.php?rest_route=%2Fwp%2Fv2%2Fmedia&parent=46019"}],"wp:term":[{"taxonomy":"category","embeddable":true,"href":"https:\/\/2horizontes.com\/index.php?rest_route=%2Fwp%2Fv2%2Fcategories&post=46019"},{"taxonomy":"post_tag","embeddable":true,"href":"https:\/\/2horizontes.com\/index.php?rest_route=%2Fwp%2Fv2%2Ftags&post=46019"}],"curies":[{"name":"wp","href":"https:\/\/api.w.org\/{rel}","templated":true}]}}