{"id":45997,"date":"2016-03-28T23:36:12","date_gmt":"2016-03-28T22:36:12","guid":{"rendered":"http:\/\/2horizontes.com\/?p=45997"},"modified":"2016-03-28T23:41:01","modified_gmt":"2016-03-28T22:41:01","slug":"la-iglesia-evangelica-dominicana-en-madrid-junto-a-dominicanos-solicitan-ayuda-economica-para-repatriar-cadaver-de-compatriota-fallecido-el-miercoles-23-de-marzo-de-este-ano","status":"publish","type":"post","link":"https:\/\/2horizontes.com\/?p=45997","title":{"rendered":"La iglesia evang\u00e9lica  dominicana en Madrid  junto a dominicanos solicitan ayuda econ\u00f3mica  para repatriar cad\u00e1ver  de compatriota fallecido el mi\u00e9rcoles 23 de marzo de este a\u00f1o"},"content":{"rendered":"<p>Madrid.-El pastor de La iglesia <em>Monte Herm\u00f3n \u00a0en Madrid \u00a0<\/em>Manuel de Jes\u00fas P\u00e9rez, hace un llamado a los dominicanos a unirse en este momento para hacer una recolecta con lo que sea posible para poder realizar la repatriaci\u00f3n del \u00a0cuerpo sin vida del dominicano Cristian Alc\u00e1ntara de Jes\u00fas, quien falleci\u00f3 el 23 de marzo del 2016.<\/p>\n<p><a href=\"http:\/\/2horizontes.com\/wp-content\/uploads\/2016\/03\/EEU.jpg\" rel=\"attachment wp-att-45999\"><img loading=\"lazy\" decoding=\"async\" class=\"size-full wp-image-45999 alignnone\" src=\"http:\/\/2horizontes.com\/wp-content\/uploads\/2016\/03\/EEU.jpg\" alt=\"EEU\" width=\"960\" height=\"576\" srcset=\"https:\/\/2horizontes.com\/wp-content\/uploads\/2016\/03\/EEU.jpg 960w, https:\/\/2horizontes.com\/wp-content\/uploads\/2016\/03\/EEU-300x180.jpg 300w, https:\/\/2horizontes.com\/wp-content\/uploads\/2016\/03\/EEU-768x461.jpg 768w, https:\/\/2horizontes.com\/wp-content\/uploads\/2016\/03\/EEU-510x306.jpg 510w\" sizes=\"auto, (max-width: 960px) 100vw, 960px\" \/><\/a><\/p>\n<p>Alc\u00e1ntara de Jes\u00fas fue encontrado muerto en su vivienda del barrio Madrile\u00f1o 4 Caminos, seg\u00fan los vecinos este padec\u00eda de varias enfermedades muy complicadas.<\/p>\n<p><a href=\"http:\/\/2horizontes.com\/wp-content\/uploads\/2016\/03\/muerto-1.jpg\" rel=\"attachment wp-att-46002\"><img loading=\"lazy\" decoding=\"async\" class=\"alignleft size-full wp-image-46002\" src=\"http:\/\/2horizontes.com\/wp-content\/uploads\/2016\/03\/muerto-1.jpg\" alt=\"muerto\" width=\"540\" height=\"960\" srcset=\"https:\/\/2horizontes.com\/wp-content\/uploads\/2016\/03\/muerto-1.jpg 540w, https:\/\/2horizontes.com\/wp-content\/uploads\/2016\/03\/muerto-1-169x300.jpg 169w, https:\/\/2horizontes.com\/wp-content\/uploads\/2016\/03\/muerto-1-510x907.jpg 510w\" sizes=\"auto, (max-width: 540px) 100vw, 540px\" \/><\/a><\/p>\n<p>El pastor de la iglesia Manuel\u00a0 de Jes\u00fas, expreso que solo se ha recolectado 100 euros por lo que faltar\u00eda la mayor\u00eda del coste para la repatriaci\u00f3n del cad\u00e1ver<\/p>\n<p>Tambi\u00e9n exhort\u00f3 que el c\u00f3nsul General \u00a0Dominicano en Madrid \u00a0Rafael Acosta, se puso a disposici\u00f3n para colaborar con parte de los gastos<\/p>\n<p>&nbsp;<\/p>\n<p>Interesado en colaborar ponerse en contacto con el pastor<\/p>\n<p>Manuel De Jes\u00fas P\u00e9rez<\/p>\n<p>M\u00f3vil: 658166493<\/p>\n<p>O dirigirse a la iglesia <em>Monte Herm\u00f3n \u00a0<\/em>en la Calle Topete con Carnicer n\u00famero 9 en barrio 4 Caminos<\/p>\n<p>&nbsp;<\/p>\n","protected":false},"excerpt":{"rendered":"<p>Madrid.-El pastor de La iglesia Monte Herm\u00f3n \u00a0en Madrid \u00a0Manuel de Jes\u00fas P\u00e9rez, hace un llamado a los dominicanos a unirse en este momento para hacer una recolecta con lo que sea posible para poder realizar la repatriaci\u00f3n del \u00a0cuerpo sin vida del dominicano Cristian Alc\u00e1ntara de Jes\u00fas, quien falleci\u00f3 el 23 de marzo del [&hellip;]<\/p>\n","protected":false},"author":1,"featured_media":45998,"comment_status":"open","ping_status":"open","sticky":false,"template":"","format":"standard","meta":{"footnotes":""},"categories":[46,85],"tags":[],"class_list":["post-45997","post","type-post","status-publish","format-standard","has-post-thumbnail","hentry","category-dominicanos-en-madrid","category-espana"],"_links":{"self":[{"href":"https:\/\/2horizontes.com\/index.php?rest_route=\/wp\/v2\/posts\/45997","targetHints":{"allow":["GET"]}}],"collection":[{"href":"https:\/\/2horizontes.com\/index.php?rest_route=\/wp\/v2\/posts"}],"about":[{"href":"https:\/\/2horizontes.com\/index.php?rest_route=\/wp\/v2\/types\/post"}],"author":[{"embeddable":true,"href":"https:\/\/2horizontes.com\/index.php?rest_route=\/wp\/v2\/users\/1"}],"replies":[{"embeddable":true,"href":"https:\/\/2horizontes.com\/index.php?rest_route=%2Fwp%2Fv2%2Fcomments&post=45997"}],"version-history":[{"count":3,"href":"https:\/\/2horizontes.com\/index.php?rest_route=\/wp\/v2\/posts\/45997\/revisions"}],"predecessor-version":[{"id":46003,"href":"https:\/\/2horizontes.com\/index.php?rest_route=\/wp\/v2\/posts\/45997\/revisions\/46003"}],"wp:featuredmedia":[{"embeddable":true,"href":"https:\/\/2horizontes.com\/index.php?rest_route=\/wp\/v2\/media\/45998"}],"wp:attachment":[{"href":"https:\/\/2horizontes.com\/index.php?rest_route=%2Fwp%2Fv2%2Fmedia&parent=45997"}],"wp:term":[{"taxonomy":"category","embeddable":true,"href":"https:\/\/2horizontes.com\/index.php?rest_route=%2Fwp%2Fv2%2Fcategories&post=45997"},{"taxonomy":"post_tag","embeddable":true,"href":"https:\/\/2horizontes.com\/index.php?rest_route=%2Fwp%2Fv2%2Ftags&post=45997"}],"curies":[{"name":"wp","href":"https:\/\/api.w.org\/{rel}","templated":true}]}}