{"id":45936,"date":"2016-03-28T17:01:06","date_gmt":"2016-03-28T16:01:06","guid":{"rendered":"http:\/\/2horizontes.com\/?p=45936"},"modified":"2016-03-28T17:01:44","modified_gmt":"2016-03-28T16:01:44","slug":"fundeu-bbva-recomienda-suprimir-las-expresiones-de-cara-a-y-cara-a","status":"publish","type":"post","link":"https:\/\/2horizontes.com\/?p=45936","title":{"rendered":"Fund\u00e9u BBVA recomienda suprimir las expresiones \u00abde cara a\u00bb y \u00abcara a\u00bb"},"content":{"rendered":"<div id=\"ArticleAuthorDiv\" class=\"article-body-author\"><b>EFE<\/b><\/div>\n<div id=\"ArticleSourceDiv\" class=\"article-body-author\"><b>Madrid, Espa\u00f1a<\/b><\/div>\n<div id=\"ArticleBody\">\n<p>Las expresiones \u00abde cara a\u00bb y \u00abcara a\u00bb son en muchos casos innecesarias, por lo que se recomienda no emplearlas de manera abusiva, se\u00f1ala la Fundaci\u00f3n del Espa\u00f1ol Urgente, promovida por la Agencia EFE y BBVA.<\/p>\n<p>En los medios de comunicaci\u00f3n, especialmente en la informaci\u00f3n meteorol\u00f3gica, se encuentran muy frecuentemente: \u00abUn frente fr\u00edo afectar\u00e1 al centro peninsular de cara a la jornada de hoy\u00bb o \u00abGoogle y Disney preparan las pantallas de cara a la nueva pel\u00edcula de Star Wars\u00bb.<\/p>\n<p>Seg\u00fan la Gram\u00e1tica acad\u00e9mica y diccionarios de uso como el del espa\u00f1ol actual de Seco, Andr\u00e9s y Ramos, \u00ab(de) cara a\u00bb es una locuci\u00f3n preposicional que puede tener un valor de finalidad (&#8216;con vistas a&#8217;, &#8216;ante&#8217;), intencional(&#8216;con la intenci\u00f3n puesta en&#8217;, &#8216;pensando en&#8217;), relacional (&#8216;en relaci\u00f3n con&#8217;) y de posici\u00f3n o direcci\u00f3n (&#8216;mirando a&#8217;, &#8216;ante&#8217;).<\/p>\n<p>Aunque tradicionalmente se consideraba inapropiado el uso de \u00ab(de) cara a\u00bb con los significados de &#8216;ante&#8217; y &#8216;en relaci\u00f3n con&#8217; -y as\u00ed aparece incluso en el \u00abDiccionario panhisp\u00e1nico de dudas\u00bb del a\u00f1o 2005-, las obras citadas ya lo dan por bueno, de modo que oraciones que sol\u00edan considerarse incorrectas son, en realidad, admisibles: \u00abDe cara a los votantes, ha mejorado su imagen\u00bb o \u00abLa actitud del Gobierno de cara a los sindicatos ha sido transigente\u00bb.<\/p>\n<p>En cualquier caso, se recomienda suprimir la expresi\u00f3n \u00ab(de) cara a\u00bb cuando no sea necesaria, ya que oscurece el significado de las frases, como sucede en los ejemplos anteriores, en los que podr\u00eda decirse sencillamente \u00abUn frente fr\u00edo afectar\u00e1 al centro peninsular durante la jornada de hoy\u00bb y \u00abGoogle y Disney preparan las pantallas para la nueva pel\u00edcula de Star Wars\u00bb.<\/p>\n<p>La Fund\u00e9u BBVA (www.fundeu.es), que trabaja asesorada por la Real Academia Espa\u00f1ola y cuyo principal objetivo es el buen uso del espa\u00f1ol en los medios de comunicaci\u00f3n, cuenta con la colaboraci\u00f3n, adem\u00e1s, del Instituto Cervantes, la Fundaci\u00f3n San Mill\u00e1n, Accenture, G\u00f3mez-Acebo &amp; Pombo, CELER Soluciones, Hermes Traducciones, Linguaserve y Abengoa.<\/p>\n<\/div>\n","protected":false},"excerpt":{"rendered":"<p>EFE Madrid, Espa\u00f1a Las expresiones \u00abde cara a\u00bb y \u00abcara a\u00bb son en muchos casos innecesarias, por lo que se recomienda no emplearlas de manera abusiva, se\u00f1ala la Fundaci\u00f3n del Espa\u00f1ol Urgente, promovida por la Agencia EFE y BBVA. En los medios de comunicaci\u00f3n, especialmente en la informaci\u00f3n meteorol\u00f3gica, se encuentran muy frecuentemente: \u00abUn frente [&hellip;]<\/p>\n","protected":false},"author":7,"featured_media":45937,"comment_status":"open","ping_status":"open","sticky":false,"template":"","format":"standard","meta":{"footnotes":""},"categories":[62,55,40],"tags":[],"class_list":["post-45936","post","type-post","status-publish","format-standard","has-post-thumbnail","hentry","category-cultura","category-educacion","category-internacionales"],"_links":{"self":[{"href":"https:\/\/2horizontes.com\/index.php?rest_route=\/wp\/v2\/posts\/45936","targetHints":{"allow":["GET"]}}],"collection":[{"href":"https:\/\/2horizontes.com\/index.php?rest_route=\/wp\/v2\/posts"}],"about":[{"href":"https:\/\/2horizontes.com\/index.php?rest_route=\/wp\/v2\/types\/post"}],"author":[{"embeddable":true,"href":"https:\/\/2horizontes.com\/index.php?rest_route=\/wp\/v2\/users\/7"}],"replies":[{"embeddable":true,"href":"https:\/\/2horizontes.com\/index.php?rest_route=%2Fwp%2Fv2%2Fcomments&post=45936"}],"version-history":[{"count":2,"href":"https:\/\/2horizontes.com\/index.php?rest_route=\/wp\/v2\/posts\/45936\/revisions"}],"predecessor-version":[{"id":45939,"href":"https:\/\/2horizontes.com\/index.php?rest_route=\/wp\/v2\/posts\/45936\/revisions\/45939"}],"wp:featuredmedia":[{"embeddable":true,"href":"https:\/\/2horizontes.com\/index.php?rest_route=\/wp\/v2\/media\/45937"}],"wp:attachment":[{"href":"https:\/\/2horizontes.com\/index.php?rest_route=%2Fwp%2Fv2%2Fmedia&parent=45936"}],"wp:term":[{"taxonomy":"category","embeddable":true,"href":"https:\/\/2horizontes.com\/index.php?rest_route=%2Fwp%2Fv2%2Fcategories&post=45936"},{"taxonomy":"post_tag","embeddable":true,"href":"https:\/\/2horizontes.com\/index.php?rest_route=%2Fwp%2Fv2%2Ftags&post=45936"}],"curies":[{"name":"wp","href":"https:\/\/api.w.org\/{rel}","templated":true}]}}