{"id":45924,"date":"2016-03-28T16:31:26","date_gmt":"2016-03-28T15:31:26","guid":{"rendered":"http:\/\/2horizontes.com\/?p=45924"},"modified":"2016-03-28T16:31:26","modified_gmt":"2016-03-28T15:31:26","slug":"fidel-castro-no-necesitamos-que-el-imperio-nos-regale-nada","status":"publish","type":"post","link":"https:\/\/2horizontes.com\/?p=45924","title":{"rendered":"Fidel Castro: \u00abNo necesitamos que el imperio nos regale nada\u00bb"},"content":{"rendered":"<div id=\"ArticleAuthorDiv\" class=\"article-body-author\"><b>EFE<\/b><\/div>\n<div id=\"ArticleSourceDiv\" class=\"article-body-author\"><b>LA HABANA<\/b><\/div>\n<div id=\"ArticleBody\">\n<p>El expresidente cubano Fidel Castro afirm\u00f3 hoy que Cuba no necesita que \u00abel imperio\u00bb le regale nada y que el pueblo de este \u00abnoble y abnegado pa\u00eds\u00bb no renunciar\u00e1 \u00aba la gloria, los derechos y a la riqueza espiritual que ha ganado con el desarrollo de la educaci\u00f3n, la ciencia y la cultura\u00bb.<\/p>\n<p>\u00abNo necesitamos que el imperio nos regale nada. Nuestros esfuerzos ser\u00e1n legales y pac\u00edficos, porque es nuestro compromiso con la paz y la fraternidad de todos los seres humanos que vivimos en este planeta\u00bb, precis\u00f3 Castro en un art\u00edculo publicado hoy en los medios oficiales de la isla titulado \u00abHermano Obama\u00bb.<\/p>\n<p>El antiguo l\u00edder cubano, de 89 a\u00f1os y retirado del poder en 2006, analiza en su \u00abreflexi\u00f3n\u00bb el discurso que el presidente de EEUU, Barack Obama, ofreci\u00f3 el pasado martes al pueblo cubano durante su visita a la isla, la primera de un mandatario estadounidense a la Cuba revolucionaria.<\/p>\n<p>\u00abSomos capaces de producir los alimentos y las riquezas materiales que necesitamos con el esfuerzo y la inteligencia de nuestro pueblo\u00bb, subray\u00f3 el l\u00edder de la Revoluci\u00f3n cubana en la que es su primera reacci\u00f3n a la visita de Obama a Cuba.<\/p>\n<p>El art\u00edculo del expresidente, entre los conocidos como \u00abreflexiones de Fidel\u00bb, est\u00e1 fechado a las 10.27 de la noche del 27 de marzo, ha sido divulgado esta ma\u00f1ana en los medios oficiales de la isla y en \u00e9l desgrana aspectos de las palabras de Obama el pasado martes desde el Gran Teatro de La Habana.<\/p>\n<p>Sobre las declaraciones de Obama a favor de \u00abolvidar el pasado y mirar el futuro\u00bb, Fidel Castro considera que utiliz\u00f3 las \u00abpalabras m\u00e1s almibaradas\u00bb y afirma que los cubanos corrieron \u00abel riesgo de un infarto\u00bb al escuchar al presidente de EEUU hablar de cubanos y estadounidenses como \u00abamigos, familia y vecinos\u00bb.<\/p>\n<p>\u00abTras un bloqueo despiadado que ha durado ya casi 60 a\u00f1os, \u00bfy los que han muerto en los ataques mercenarios a barcos y puertos cubanos, un avi\u00f3n de l\u00ednea repleto de pasajeros hecho estallar en pleno vuelo, invasiones mercenarias, m\u00faltiples actos de violencia y de fuerza?\u00bb, aclara Fidel.<\/p>\n<p>Seg\u00fan \u00e9l, \u00abun diluvio de conceptos enteramente novedosos\u00bb entraron en la mente de los cubanos que le escuchaban cuando \u00e9ste afirm\u00f3 que su visita a Cuba ten\u00eda el prop\u00f3sito dejar atr\u00e1s la Guerra Fr\u00eda en las Am\u00e9ricas y de extender una \u00abmano de amistad\u00bb al pueblo cubano.<\/p>\n<p>Castro recuerda la Invasi\u00f3n de Bah\u00eda de Cochinos, cuando en 1961 \u00abuna fuerza mercenaria con ca\u00f1ones e infanter\u00eda blindada, equipada con aviones, fue entrenada y acompa\u00f1ada por buques de guerra y portaaviones de Estados Unidos, atacando por sorpresa a nuestro pa\u00eds\u00bb.<\/p>\n<p>\u00abNada podr\u00e1 justificar aquel alevoso ataque que cost\u00f3 a nuestro pa\u00eds cientos de bajas entre muertos y heridos. De la brigada de asalto proyanki, en ninguna parte consta que se hubiese podido evacuar un solo mercenario\u00bb, rememora Fidel Castro, sobre aquel acontecimiento que profundiz\u00f3 la divisi\u00f3n entre EEUU y la Cuba Revolucionaria.<\/p>\n<p>Fidel Castro tambi\u00e9n critica que en las la declaraciones de Obama sobre el origen mestizo tanto de Cuba como de EEUU, no mencionara que \u00abla discriminaci\u00f3n racial fue barrida por la Revoluci\u00f3n\u00bb, que aprob\u00f3 \u00abel retiro y el salario de todos los cubanos\u00bb antes de que el presidente estadounidense \u00abcumpliera diez a\u00f1os\u00bb.<\/p>\n<p>\u00abLa odiosa costumbre burguesa y racista de contratar esbirros para que los ciudadanos negros fuesen expulsados de centros de recreaci\u00f3n fue barrida por la Revoluci\u00f3n Cubana\u00bb, afirma Castro, quien recuerda que la solidaridad cubana tambi\u00e9n libr\u00f3 esa lucha contra el racismo en Angola y otros pueblos de \u00c1frica.<\/p>\n<\/div>\n","protected":false},"excerpt":{"rendered":"<p>EFE LA HABANA El expresidente cubano Fidel Castro afirm\u00f3 hoy que Cuba no necesita que \u00abel imperio\u00bb le regale nada y que el pueblo de este \u00abnoble y abnegado pa\u00eds\u00bb no renunciar\u00e1 \u00aba la gloria, los derechos y a la riqueza espiritual que ha ganado con el desarrollo de la educaci\u00f3n, la ciencia y la [&hellip;]<\/p>\n","protected":false},"author":7,"featured_media":45925,"comment_status":"open","ping_status":"open","sticky":false,"template":"","format":"standard","meta":{"footnotes":""},"categories":[49,40,43],"tags":[],"class_list":["post-45924","post","type-post","status-publish","format-standard","has-post-thumbnail","hentry","category-cuba","category-internacionales","category-politica"],"_links":{"self":[{"href":"https:\/\/2horizontes.com\/index.php?rest_route=\/wp\/v2\/posts\/45924","targetHints":{"allow":["GET"]}}],"collection":[{"href":"https:\/\/2horizontes.com\/index.php?rest_route=\/wp\/v2\/posts"}],"about":[{"href":"https:\/\/2horizontes.com\/index.php?rest_route=\/wp\/v2\/types\/post"}],"author":[{"embeddable":true,"href":"https:\/\/2horizontes.com\/index.php?rest_route=\/wp\/v2\/users\/7"}],"replies":[{"embeddable":true,"href":"https:\/\/2horizontes.com\/index.php?rest_route=%2Fwp%2Fv2%2Fcomments&post=45924"}],"version-history":[{"count":1,"href":"https:\/\/2horizontes.com\/index.php?rest_route=\/wp\/v2\/posts\/45924\/revisions"}],"predecessor-version":[{"id":45926,"href":"https:\/\/2horizontes.com\/index.php?rest_route=\/wp\/v2\/posts\/45924\/revisions\/45926"}],"wp:featuredmedia":[{"embeddable":true,"href":"https:\/\/2horizontes.com\/index.php?rest_route=\/wp\/v2\/media\/45925"}],"wp:attachment":[{"href":"https:\/\/2horizontes.com\/index.php?rest_route=%2Fwp%2Fv2%2Fmedia&parent=45924"}],"wp:term":[{"taxonomy":"category","embeddable":true,"href":"https:\/\/2horizontes.com\/index.php?rest_route=%2Fwp%2Fv2%2Fcategories&post=45924"},{"taxonomy":"post_tag","embeddable":true,"href":"https:\/\/2horizontes.com\/index.php?rest_route=%2Fwp%2Fv2%2Ftags&post=45924"}],"curies":[{"name":"wp","href":"https:\/\/api.w.org\/{rel}","templated":true}]}}