{"id":45921,"date":"2016-03-28T16:26:37","date_gmt":"2016-03-28T15:26:37","guid":{"rendered":"http:\/\/2horizontes.com\/?p=45921"},"modified":"2016-03-28T16:26:37","modified_gmt":"2016-03-28T15:26:37","slug":"vargas-llosa-cumple-hoy-80-anos-con-fieston-invitados-de-lujo-y-mucho-amor","status":"publish","type":"post","link":"https:\/\/2horizontes.com\/?p=45921","title":{"rendered":"Vargas Llosa cumple hoy 80 a\u00f1os con fiest\u00f3n, invitados de lujo y mucho amor"},"content":{"rendered":"<div id=\"ArticleAuthorDiv\" class=\"article-body-author\"><b>EFE | Carmen Sig\u00fcenza<\/b><\/div>\n<div id=\"ArticleSourceDiv\" class=\"article-body-author\"><b>Madrid, Espa\u00f1a<\/b><\/div>\n<div id=\"ArticleBody\">\n<p>Mario Vargas Llosa lleva meses de v\u00e9rtigo, cambio de vida sentimental, nueva novela, su entrada en la colecci\u00f3n de La Pl\u00e9iade, la celebraci\u00f3n desde ma\u00f1ana de un seminario en torno a su obra con grandes de la pol\u00edtica y la cultura y hoy, d\u00eda de su 80 cumplea\u00f1os, soplar\u00e1 las velas ante casi 400 invitados.<\/p>\n<p>Una celebraci\u00f3n de un cumplea\u00f1os muy especial para el premio nobel, que tendr\u00e1 lugar esta noche en el madrile\u00f1o Hotel Villamagna con una cena a la que est\u00e1 prevista que acudan, adem\u00e1s de amigos y familiares, las personalidades que participar\u00e1n desde ma\u00f1ana en el seminario que se inaugurar\u00e1 en la Casa de Am\u00e9rica.<\/p>\n<p>Al seminario, organizado por la Fundaci\u00f3n Internacional para la Libertad y la c\u00e1tedra Mario Vargas Llosa, asistir\u00e1n una decena de mandatarios iberoamericanos, y ser\u00e1 inaugurado por el presidente del Gobierno espa\u00f1ol, Mariano Rajoy.<\/p>\n<p>Tambi\u00e9n estar\u00e1n presentes en la cita expresidentes latinoamericanos como Andr\u00e9s Pastrana (Colombia), \u00c1lvaro Uribe (Colombia), Sebasti\u00e1n Pi\u00f1era (Chile), Luis Alberto Lacalle (Uruguay) y Luis Mar\u00eda Sanguinetti (Uruguay) y los espa\u00f1oles Felipe Gonz\u00e1lez y Jos\u00e9 Mar\u00eda Aznar.<\/p>\n<p>Un encuentro en el que participar\u00e1 el escritor turco y premio nobel de Literatura Orhan Pamuk, y autores y amigos de Vargas Llosa, como Fernando Savater, Javier Cercas, Enrique Krauze, Alonso Cueto, Carme Riera, Plinio Apuleyo, Mauricio Rojas y Alex Chafuen, adem\u00e1s de la bloguera cubana Yoani S\u00e1nchez.<\/p>\n<p>Mario Vargas Llosa, un aries, signo del fuego, sol\u00eda celebrar sus cumplea\u00f1os en Arequipa (Per\u00fa), su tierra natal, pero esta cifra redonda, las ocho d\u00e9cadas, la celebra en Madrid acompa\u00f1ado por Isabel Preysler, su amor, su pareja y quien parece que ha organizado el festejo, y muy posiblemente junto a uno de sus hijos, \u00c1lvaro.<\/p>\n<p>Una cela de gala, de esmoquin y vestido largo, que sin duda dar\u00e1 mucho que hablar en los pr\u00f3ximos d\u00edas y que ser\u00e1 material para el papel cuch\u00e9.<\/p>\n<p>Y es que est\u00e1 claro que Vargas Llosa ha hecho una fuerte apuesta por el amor, por estar y sentirse vivo, algo que \u00faltimamente le ha hecho ser noticia, m\u00e1s all\u00e1 de la creaci\u00f3n literaria o de su actividad ensayista y pol\u00edtica.<\/p>\n<p>\u00abSi salir en las revistas del coraz\u00f3n es el precio que tengo que pagar por estar con la mujer de la que estoy enamorado, lo pago\u00bb, ha comentado recientemente el premio nobel.<\/p>\n<p>Pero, aunque este a\u00f1o pude considerarse m\u00e1gico para el escritor, toda la vida de Vargas Llosa ha estado plagada de \u00e9xitos, con una carrera literaria que ha contado siempre con el favor del p\u00fablico y el aplauso de los premios.<\/p>\n<p>Adem\u00e1s del Nobel, Vargas Llosa posee el Cervantes, el Pr\u00edncipe de Asturias, el R\u00f3mulo Gallegos, el Planeta o el Jerusal\u00e9n, entre otros muchos.<\/p>\n<p>Un historia con un solo fracaso, el de su experiencia pol\u00edtica, cundo fue candidato a la presidencia del Per\u00fa en 1990. Aparte de esto, el acad\u00e9mico y autor de t\u00edtulos como \u00abLa ciudad y los perros\u00bb, \u00abLa t\u00eda Julia y el escribidor\u00bb, \u00abConversaciones en La Catedral\u00bb o \u00abLa fiesta del chivo\u00bb siempre ha tenido la sonrisa a su favor.<\/p>\n<p>La vida sentimental de Vargas Llosa ha sido intensa: tras divorciarse de su t\u00eda pol\u00edtica Julia Urquidi en 1964, al a\u00f1o siguiente se cas\u00f3 con una prima, Patricia Llosa, con quien estuvo casado 50 a\u00f1os y de cuya uni\u00f3n nacieron Alvaro (1966), Gonzalo (1967) y Morgana (1974), hasta que se uni\u00f3 hace casi a\u00f1o a Isabel Preysler.<\/p>\n<p>Una vida que tambi\u00e9n ha estado determinada por la figura de su padre, un hombre autoritario que nunca quiso que fuera escritor y al al que Vargas Llosa daba por muerto, como le hab\u00eda hecho creer su madre, y cuya aparici\u00f3n en su vida, a los 10 a\u00f1os y tras reconciliarse con su madre, de quien se hab\u00eda separado antes de su nacimiento, le marc\u00f3 para siempre.<\/p>\n<\/div>\n<div><\/div>\n","protected":false},"excerpt":{"rendered":"<p>EFE | Carmen Sig\u00fcenza Madrid, Espa\u00f1a Mario Vargas Llosa lleva meses de v\u00e9rtigo, cambio de vida sentimental, nueva novela, su entrada en la colecci\u00f3n de La Pl\u00e9iade, la celebraci\u00f3n desde ma\u00f1ana de un seminario en torno a su obra con grandes de la pol\u00edtica y la cultura y hoy, d\u00eda de su 80 cumplea\u00f1os, soplar\u00e1 [&hellip;]<\/p>\n","protected":false},"author":7,"featured_media":45922,"comment_status":"open","ping_status":"open","sticky":false,"template":"","format":"standard","meta":{"footnotes":""},"categories":[62,40],"tags":[],"class_list":["post-45921","post","type-post","status-publish","format-standard","has-post-thumbnail","hentry","category-cultura","category-internacionales"],"_links":{"self":[{"href":"https:\/\/2horizontes.com\/index.php?rest_route=\/wp\/v2\/posts\/45921","targetHints":{"allow":["GET"]}}],"collection":[{"href":"https:\/\/2horizontes.com\/index.php?rest_route=\/wp\/v2\/posts"}],"about":[{"href":"https:\/\/2horizontes.com\/index.php?rest_route=\/wp\/v2\/types\/post"}],"author":[{"embeddable":true,"href":"https:\/\/2horizontes.com\/index.php?rest_route=\/wp\/v2\/users\/7"}],"replies":[{"embeddable":true,"href":"https:\/\/2horizontes.com\/index.php?rest_route=%2Fwp%2Fv2%2Fcomments&post=45921"}],"version-history":[{"count":1,"href":"https:\/\/2horizontes.com\/index.php?rest_route=\/wp\/v2\/posts\/45921\/revisions"}],"predecessor-version":[{"id":45923,"href":"https:\/\/2horizontes.com\/index.php?rest_route=\/wp\/v2\/posts\/45921\/revisions\/45923"}],"wp:featuredmedia":[{"embeddable":true,"href":"https:\/\/2horizontes.com\/index.php?rest_route=\/wp\/v2\/media\/45922"}],"wp:attachment":[{"href":"https:\/\/2horizontes.com\/index.php?rest_route=%2Fwp%2Fv2%2Fmedia&parent=45921"}],"wp:term":[{"taxonomy":"category","embeddable":true,"href":"https:\/\/2horizontes.com\/index.php?rest_route=%2Fwp%2Fv2%2Fcategories&post=45921"},{"taxonomy":"post_tag","embeddable":true,"href":"https:\/\/2horizontes.com\/index.php?rest_route=%2Fwp%2Fv2%2Ftags&post=45921"}],"curies":[{"name":"wp","href":"https:\/\/api.w.org\/{rel}","templated":true}]}}