{"id":45915,"date":"2016-03-28T16:15:01","date_gmt":"2016-03-28T15:15:01","guid":{"rendered":"http:\/\/2horizontes.com\/?p=45915"},"modified":"2016-03-28T16:15:01","modified_gmt":"2016-03-28T15:15:01","slug":"papa-condena-terrorismo-y-ora-por-refugiados","status":"publish","type":"post","link":"https:\/\/2horizontes.com\/?p=45915","title":{"rendered":"Papa condena terrorismo y ora por refugiados"},"content":{"rendered":"<div id=\"ArticleAuthorDiv\" class=\"article-body-author\"><b>AP<\/b><\/div>\n<div id=\"ArticleSourceDiv\" class=\"article-body-author\"><b>Ciudad del Vaticano<\/b><\/div>\n<div id=\"ArticleBody\">\n<p>Al pronunciar su mensaje de Domingo de Resurrecci\u00f3n, el papa Francisco record\u00f3 a las v\u00edctimas del terrorismo en Europa, \u00c1frica y otros lugares, y lament\u00f3 que varios pa\u00edses europeos rechacen la entrada a los refugiados que huyen de la guerra o la miseria.<\/p>\n<p>Francisco dijo a los fieles que Jes\u00fas, que se levant\u00f3 despu\u00e9s de la muerte por crucifixi\u00f3n, \u201ctriunf\u00f3 sobre el mal y el pecado\u201d. Expres\u00f3 su esperanza de que Jes\u00fas \u201cnos acerque a las v\u00edctimas del terrorismo, esa forma ciega y brutal de la violencia\u201d. En su mensaje, Francisco cit\u00f3 los recientes ataques en B\u00e9lgica, Turqu\u00eda, Nigeria, Chad, Camer\u00fan, Costa de Marfil e Irak.<\/p>\n<p><strong>Feligreses<\/strong><br \/>\nDecenas de miles de personas soportaron pacientemente el domingo las filas largas, las inspecciones de bolsos y mochilas y los detectores de metales para poder entrar a la Plaza de San Pedro. Bajo un sol brillante, escucharon a Francisco pronunciar el tradicional mensaje papal desde el balc\u00f3n central de la Bas\u00edlica de San Pedro.<\/p>\n<\/div>\n","protected":false},"excerpt":{"rendered":"<p>AP Ciudad del Vaticano Al pronunciar su mensaje de Domingo de Resurrecci\u00f3n, el papa Francisco record\u00f3 a las v\u00edctimas del terrorismo en Europa, \u00c1frica y otros lugares, y lament\u00f3 que varios pa\u00edses europeos rechacen la entrada a los refugiados que huyen de la guerra o la miseria. Francisco dijo a los fieles que Jes\u00fas, que [&hellip;]<\/p>\n","protected":false},"author":7,"featured_media":45916,"comment_status":"open","ping_status":"open","sticky":false,"template":"","format":"standard","meta":{"footnotes":""},"categories":[54,40],"tags":[],"class_list":["post-45915","post","type-post","status-publish","format-standard","has-post-thumbnail","hentry","category-emigrantes","category-internacionales"],"_links":{"self":[{"href":"https:\/\/2horizontes.com\/index.php?rest_route=\/wp\/v2\/posts\/45915","targetHints":{"allow":["GET"]}}],"collection":[{"href":"https:\/\/2horizontes.com\/index.php?rest_route=\/wp\/v2\/posts"}],"about":[{"href":"https:\/\/2horizontes.com\/index.php?rest_route=\/wp\/v2\/types\/post"}],"author":[{"embeddable":true,"href":"https:\/\/2horizontes.com\/index.php?rest_route=\/wp\/v2\/users\/7"}],"replies":[{"embeddable":true,"href":"https:\/\/2horizontes.com\/index.php?rest_route=%2Fwp%2Fv2%2Fcomments&post=45915"}],"version-history":[{"count":1,"href":"https:\/\/2horizontes.com\/index.php?rest_route=\/wp\/v2\/posts\/45915\/revisions"}],"predecessor-version":[{"id":45917,"href":"https:\/\/2horizontes.com\/index.php?rest_route=\/wp\/v2\/posts\/45915\/revisions\/45917"}],"wp:featuredmedia":[{"embeddable":true,"href":"https:\/\/2horizontes.com\/index.php?rest_route=\/wp\/v2\/media\/45916"}],"wp:attachment":[{"href":"https:\/\/2horizontes.com\/index.php?rest_route=%2Fwp%2Fv2%2Fmedia&parent=45915"}],"wp:term":[{"taxonomy":"category","embeddable":true,"href":"https:\/\/2horizontes.com\/index.php?rest_route=%2Fwp%2Fv2%2Fcategories&post=45915"},{"taxonomy":"post_tag","embeddable":true,"href":"https:\/\/2horizontes.com\/index.php?rest_route=%2Fwp%2Fv2%2Ftags&post=45915"}],"curies":[{"name":"wp","href":"https:\/\/api.w.org\/{rel}","templated":true}]}}