{"id":45896,"date":"2016-03-28T09:38:34","date_gmt":"2016-03-28T08:38:34","guid":{"rendered":"http:\/\/2horizontes.com\/?p=45896"},"modified":"2016-03-28T09:38:34","modified_gmt":"2016-03-28T08:38:34","slug":"muere-un-hombre-durante-un-altercado-en-cordoba","status":"publish","type":"post","link":"https:\/\/2horizontes.com\/?p=45896","title":{"rendered":"Muere un hombre durante un altercado en C\u00f3rdoba"},"content":{"rendered":"<p>Un hombre de 64 a\u00f1os de edad falleci\u00f3 a \u00faltima hora de este domingo tras sufrir una agresi\u00f3n en el sector sur de C\u00f3rdoba capital, han informado a Europa Press fuentes del servicio unificado de emergencias 112 Andaluc\u00eda.<\/p>\n<p>Varios testigos alertaron sobre las 22,07 horas de que un hombre hab\u00eda sido v\u00edctima de una agresi\u00f3n durante una altercado a la altura del n\u00famero 88 de la avenida de C\u00e1diz de la capital cordobesa.<\/p>\n<p>Al lugar de los hechos se trasladaron agentes de Polic\u00eda Local y Nacional y efectivos de los servicios sanitarios, que encontraron a la v\u00edctima junto a un coche e intentaron sin \u00e9xito practicarle ejercicios de reanimaci\u00f3n cardiopulmonar, resultando finalmente fallecido.<\/p>\n<p>La Polic\u00eda Nacional ha abierto una investigaci\u00f3n para determinar las causas del suceso.<\/p>\n","protected":false},"excerpt":{"rendered":"<p>Un hombre de 64 a\u00f1os de edad falleci\u00f3 a \u00faltima hora de este domingo tras sufrir una agresi\u00f3n en el sector sur de C\u00f3rdoba capital, han informado a Europa Press fuentes del servicio unificado de emergencias 112 Andaluc\u00eda. Varios testigos alertaron sobre las 22,07 horas de que un hombre hab\u00eda sido v\u00edctima de una agresi\u00f3n [&hellip;]<\/p>\n","protected":false},"author":3,"featured_media":45897,"comment_status":"open","ping_status":"open","sticky":false,"template":"","format":"standard","meta":{"footnotes":""},"categories":[85],"tags":[],"class_list":["post-45896","post","type-post","status-publish","format-standard","has-post-thumbnail","hentry","category-espana"],"_links":{"self":[{"href":"https:\/\/2horizontes.com\/index.php?rest_route=\/wp\/v2\/posts\/45896","targetHints":{"allow":["GET"]}}],"collection":[{"href":"https:\/\/2horizontes.com\/index.php?rest_route=\/wp\/v2\/posts"}],"about":[{"href":"https:\/\/2horizontes.com\/index.php?rest_route=\/wp\/v2\/types\/post"}],"author":[{"embeddable":true,"href":"https:\/\/2horizontes.com\/index.php?rest_route=\/wp\/v2\/users\/3"}],"replies":[{"embeddable":true,"href":"https:\/\/2horizontes.com\/index.php?rest_route=%2Fwp%2Fv2%2Fcomments&post=45896"}],"version-history":[{"count":1,"href":"https:\/\/2horizontes.com\/index.php?rest_route=\/wp\/v2\/posts\/45896\/revisions"}],"predecessor-version":[{"id":45898,"href":"https:\/\/2horizontes.com\/index.php?rest_route=\/wp\/v2\/posts\/45896\/revisions\/45898"}],"wp:featuredmedia":[{"embeddable":true,"href":"https:\/\/2horizontes.com\/index.php?rest_route=\/wp\/v2\/media\/45897"}],"wp:attachment":[{"href":"https:\/\/2horizontes.com\/index.php?rest_route=%2Fwp%2Fv2%2Fmedia&parent=45896"}],"wp:term":[{"taxonomy":"category","embeddable":true,"href":"https:\/\/2horizontes.com\/index.php?rest_route=%2Fwp%2Fv2%2Fcategories&post=45896"},{"taxonomy":"post_tag","embeddable":true,"href":"https:\/\/2horizontes.com\/index.php?rest_route=%2Fwp%2Fv2%2Ftags&post=45896"}],"curies":[{"name":"wp","href":"https:\/\/api.w.org\/{rel}","templated":true}]}}