{"id":45855,"date":"2016-03-26T20:27:08","date_gmt":"2016-03-26T19:27:08","guid":{"rendered":"http:\/\/2horizontes.com\/?p=45855"},"modified":"2016-03-26T20:27:08","modified_gmt":"2016-03-26T19:27:08","slug":"mueren-doce-personas-al-chocar-un-microbus-contra-un-camion-en-francia","status":"publish","type":"post","link":"https:\/\/2horizontes.com\/?p=45855","title":{"rendered":"Mueren doce personas al chocar un microb\u00fas contra un cami\u00f3n en Francia"},"content":{"rendered":"<p>Al menos doce personas han muerto al chocar de frente un microb\u00fas procedente de Suiza y un cami\u00f3n a la altura de la localidad de Montbeugny, en el departamento Allier (Francia), seg\u00fan informan las autoridades locales, que creen que los doce fallecidos son de nacionalidad portuguesa.<\/p>\n<p>El microb\u00fas viajaba desde Suiza a Portugal y, por razones que se desconocen habr\u00eda invadido el carril de sentido contrario, por donde circulaba un cami\u00f3n ocupado por dos italianos, que han resultado heridos leves tras el impacto.<\/p>\n<p>Seg\u00fan informa el diario local \u2018La Montagne\u2019, en base a fuentes de la Gobierno local, los doce fallecidos, entre ellos un ni\u00f1o acompa\u00f1ado de sus padres, ten\u00edan nacionalidad portuguesa. El conductor del microb\u00fas ha resultado herido y ha sido trasladado a un hospital cercano.<\/p>\n","protected":false},"excerpt":{"rendered":"<p>Al menos doce personas han muerto al chocar de frente un microb\u00fas procedente de Suiza y un cami\u00f3n a la altura de la localidad de Montbeugny, en el departamento Allier (Francia), seg\u00fan informan las autoridades locales, que creen que los doce fallecidos son de nacionalidad portuguesa. El microb\u00fas viajaba desde Suiza a Portugal y, por [&hellip;]<\/p>\n","protected":false},"author":3,"featured_media":45856,"comment_status":"open","ping_status":"open","sticky":false,"template":"","format":"standard","meta":{"footnotes":""},"categories":[86,40],"tags":[],"class_list":["post-45855","post","type-post","status-publish","format-standard","has-post-thumbnail","hentry","category-europa","category-internacionales"],"_links":{"self":[{"href":"https:\/\/2horizontes.com\/index.php?rest_route=\/wp\/v2\/posts\/45855","targetHints":{"allow":["GET"]}}],"collection":[{"href":"https:\/\/2horizontes.com\/index.php?rest_route=\/wp\/v2\/posts"}],"about":[{"href":"https:\/\/2horizontes.com\/index.php?rest_route=\/wp\/v2\/types\/post"}],"author":[{"embeddable":true,"href":"https:\/\/2horizontes.com\/index.php?rest_route=\/wp\/v2\/users\/3"}],"replies":[{"embeddable":true,"href":"https:\/\/2horizontes.com\/index.php?rest_route=%2Fwp%2Fv2%2Fcomments&post=45855"}],"version-history":[{"count":1,"href":"https:\/\/2horizontes.com\/index.php?rest_route=\/wp\/v2\/posts\/45855\/revisions"}],"predecessor-version":[{"id":45857,"href":"https:\/\/2horizontes.com\/index.php?rest_route=\/wp\/v2\/posts\/45855\/revisions\/45857"}],"wp:featuredmedia":[{"embeddable":true,"href":"https:\/\/2horizontes.com\/index.php?rest_route=\/wp\/v2\/media\/45856"}],"wp:attachment":[{"href":"https:\/\/2horizontes.com\/index.php?rest_route=%2Fwp%2Fv2%2Fmedia&parent=45855"}],"wp:term":[{"taxonomy":"category","embeddable":true,"href":"https:\/\/2horizontes.com\/index.php?rest_route=%2Fwp%2Fv2%2Fcategories&post=45855"},{"taxonomy":"post_tag","embeddable":true,"href":"https:\/\/2horizontes.com\/index.php?rest_route=%2Fwp%2Fv2%2Ftags&post=45855"}],"curies":[{"name":"wp","href":"https:\/\/api.w.org\/{rel}","templated":true}]}}