{"id":45823,"date":"2016-03-26T10:56:39","date_gmt":"2016-03-26T09:56:39","guid":{"rendered":"http:\/\/2horizontes.com\/?p=45823"},"modified":"2016-03-26T10:56:39","modified_gmt":"2016-03-26T09:56:39","slug":"obama-se-reunira-con-lideres-mundiales-para-tratar-posibles-amenazas-del-ei","status":"publish","type":"post","link":"https:\/\/2horizontes.com\/?p=45823","title":{"rendered":"Obama se reunir\u00e1 con l\u00edderes mundiales para tratar posibles amenazas del EI"},"content":{"rendered":"<div id=\"ArticleAuthorDiv\" class=\"article-body-author\"><b>EFE<\/b><\/div>\n<div id=\"ArticleSourceDiv\" class=\"article-body-author\"><b>Washington<\/b><\/div>\n<div id=\"ArticleBody\">\n<p>El presidente de Estados Unidos, Barack Obama, se reunir\u00e1 con otros l\u00edderes mundiales la pr\u00f3xima semana para discutir la amenaza del Estado Isl\u00e1mico (EI), incluyendo la posibilidad de que el grupo yihadista lance un ataque terrorista nuclear, informaron hoy fuentes del Ejecutivo al diario Wall Street Journal.<\/p>\n<p>Apenas unos d\u00edas despu\u00e9s de los ataques ocurridos en Bruselas, que dejaron 31 muertos y varios centenares de heridos, Obama celebrar\u00e1 el encuentro aprovechando la ya programada Cumbre de Seguridad Nuclear que tendr\u00e1 lugar en Washington a finales de la semana entrante<\/p>\n<p>Seg\u00fan las fuentes del diario estadounidense, \u00ablos l\u00edderes discutir\u00e1n un escenario hipot\u00e9tico que describa una serie de eventos posibles que conduzcan a una situaci\u00f3n de terrorismo nuclear\u00bb.<\/p>\n<p>La reuni\u00f3n se centrar\u00e1 espec\u00edficamente en el Estado Isl\u00e1mico y en \u00abc\u00f3mo las acciones nacionales e internacionales podr\u00edan mejorar nuestra la capacidad para prevenir y responder a episodios de terrorismo nuclear\u00bb, dijo el funcionario, quien sin embargo no indic\u00f3 si EEUU tiene constancia de que el EI tenga en sus manos este tipo de armas.<\/p>\n<p>La Administraci\u00f3n Obama ha sido duramente criticada, especialmente por los sectores republicanos, por no haber desplegado una estrategia m\u00e1s dura contra el EI, pese a llevar a\u00f1o y medio bombardeando sus bases operativas en Irak y Siria.<\/p>\n<p>No obstante, precisamente hoy, el secretario de Defensa estadounidense, Ash Carter, anunci\u00f3 que sus fuerzas a\u00e9reas creen haber acabado con la vida del n\u00famero dos y \u00abministro de finanzas\u00bb del EI, Abd al Rahman Mustafa al Qaduli, y baraja el env\u00edo de m\u00e1s militares a Irak para asistir a las fuerzas de ese pa\u00eds en su lucha contra los terroristas.<\/p>\n<p>Un a\u00f1o y medio despu\u00e9s del comienzo de la ofensiva, el EI controla un 40 % menos de territorio y EE.UU. ha lanzado 10.000 ataques a\u00e9reos contra el grupo terrorista, cerca de dos tercios de ellos en Irak y alrededor de un tercio en Siria.<\/p>\n<\/div>\n","protected":false},"excerpt":{"rendered":"<p>EFE Washington El presidente de Estados Unidos, Barack Obama, se reunir\u00e1 con otros l\u00edderes mundiales la pr\u00f3xima semana para discutir la amenaza del Estado Isl\u00e1mico (EI), incluyendo la posibilidad de que el grupo yihadista lance un ataque terrorista nuclear, informaron hoy fuentes del Ejecutivo al diario Wall Street Journal. Apenas unos d\u00edas despu\u00e9s de los [&hellip;]<\/p>\n","protected":false},"author":7,"featured_media":45824,"comment_status":"open","ping_status":"open","sticky":false,"template":"","format":"standard","meta":{"footnotes":""},"categories":[40,43],"tags":[],"class_list":["post-45823","post","type-post","status-publish","format-standard","has-post-thumbnail","hentry","category-internacionales","category-politica"],"_links":{"self":[{"href":"https:\/\/2horizontes.com\/index.php?rest_route=\/wp\/v2\/posts\/45823","targetHints":{"allow":["GET"]}}],"collection":[{"href":"https:\/\/2horizontes.com\/index.php?rest_route=\/wp\/v2\/posts"}],"about":[{"href":"https:\/\/2horizontes.com\/index.php?rest_route=\/wp\/v2\/types\/post"}],"author":[{"embeddable":true,"href":"https:\/\/2horizontes.com\/index.php?rest_route=\/wp\/v2\/users\/7"}],"replies":[{"embeddable":true,"href":"https:\/\/2horizontes.com\/index.php?rest_route=%2Fwp%2Fv2%2Fcomments&post=45823"}],"version-history":[{"count":1,"href":"https:\/\/2horizontes.com\/index.php?rest_route=\/wp\/v2\/posts\/45823\/revisions"}],"predecessor-version":[{"id":45825,"href":"https:\/\/2horizontes.com\/index.php?rest_route=\/wp\/v2\/posts\/45823\/revisions\/45825"}],"wp:featuredmedia":[{"embeddable":true,"href":"https:\/\/2horizontes.com\/index.php?rest_route=\/wp\/v2\/media\/45824"}],"wp:attachment":[{"href":"https:\/\/2horizontes.com\/index.php?rest_route=%2Fwp%2Fv2%2Fmedia&parent=45823"}],"wp:term":[{"taxonomy":"category","embeddable":true,"href":"https:\/\/2horizontes.com\/index.php?rest_route=%2Fwp%2Fv2%2Fcategories&post=45823"},{"taxonomy":"post_tag","embeddable":true,"href":"https:\/\/2horizontes.com\/index.php?rest_route=%2Fwp%2Fv2%2Ftags&post=45823"}],"curies":[{"name":"wp","href":"https:\/\/api.w.org\/{rel}","templated":true}]}}