{"id":4577,"date":"2015-04-08T22:08:47","date_gmt":"2015-04-08T22:08:47","guid":{"rendered":"http:\/\/2horizontes.com\/?p=4577"},"modified":"2017-09-13T13:06:34","modified_gmt":"2017-09-13T12:06:34","slug":"dictan-20-anos-de-prision-a-hombre-que-violo-hijastra-de-12-anos-en-rd","status":"publish","type":"post","link":"https:\/\/2horizontes.com\/?p=4577","title":{"rendered":"Dictan  20 a\u00f1os de prisi\u00f3n  a hombre que viol\u00f3 hijastra de 12 a\u00f1os en RD"},"content":{"rendered":"<p><a href=\"http:\/\/2horizontes.com\/wp-content\/uploads\/2015\/04\/ai.jpg\"><img loading=\"lazy\" decoding=\"async\" class=\"alignleft wp-image-4578 size-medium\" src=\"http:\/\/2horizontes.com\/wp-content\/uploads\/2015\/04\/ai-300x211.jpg\" alt=\"ai\" width=\"300\" height=\"211\" srcset=\"https:\/\/2horizontes.com\/wp-content\/uploads\/2015\/04\/ai-300x211.jpg 300w, https:\/\/2horizontes.com\/wp-content\/uploads\/2015\/04\/ai.jpg 430w\" sizes=\"auto, (max-width: 300px) 100vw, 300px\" \/><\/a><\/p>\n<p style=\"padding-left: 60px;\">SANTO DOMINGO.- El Primer Tribunal Colegiado de Santo Domingo conden\u00f3 a 20 a\u00f1os de c\u00e1rcel a un hombre que viol\u00f3 a su hijastra de 12 a\u00f1os.<!--more--><\/p>\n<p>La identidad del sentenciado no fue revelada para preservar la dignidad y derechos de la ni\u00f1a.<\/p>\n<p>El hombre hab\u00eda sido pareja de la madre de la ni\u00f1a y tras haber finalizado la relaci\u00f3n, aprovechaba cuando la mujer sal\u00eda a trabajar, entraba a la casa y violaba a la menor, seg\u00fan las pruebas presentadas por la Fiscal\u00eda.<\/p>\n<p>Las autoridades fueron alertadas por la madre de la v\u00edctima el 23 de noviembre del 2012 y abrieron una investigaci\u00f3n que culmin\u00f3 con el arresto del violador.<\/p>\n","protected":false},"excerpt":{"rendered":"<p>SANTO DOMINGO.- El Primer Tribunal Colegiado de Santo Domingo conden\u00f3 a 20 a\u00f1os de c\u00e1rcel a un hombre que viol\u00f3 a su hijastra de 12 a\u00f1os.<\/p>\n","protected":false},"author":1,"featured_media":65132,"comment_status":"open","ping_status":"open","sticky":false,"template":"","format":"standard","meta":{"footnotes":""},"categories":[44],"tags":[],"class_list":["post-4577","post","type-post","status-publish","format-standard","has-post-thumbnail","hentry","category-republica-dominicana"],"_links":{"self":[{"href":"https:\/\/2horizontes.com\/index.php?rest_route=\/wp\/v2\/posts\/4577","targetHints":{"allow":["GET"]}}],"collection":[{"href":"https:\/\/2horizontes.com\/index.php?rest_route=\/wp\/v2\/posts"}],"about":[{"href":"https:\/\/2horizontes.com\/index.php?rest_route=\/wp\/v2\/types\/post"}],"author":[{"embeddable":true,"href":"https:\/\/2horizontes.com\/index.php?rest_route=\/wp\/v2\/users\/1"}],"replies":[{"embeddable":true,"href":"https:\/\/2horizontes.com\/index.php?rest_route=%2Fwp%2Fv2%2Fcomments&post=4577"}],"version-history":[{"count":1,"href":"https:\/\/2horizontes.com\/index.php?rest_route=\/wp\/v2\/posts\/4577\/revisions"}],"predecessor-version":[{"id":4579,"href":"https:\/\/2horizontes.com\/index.php?rest_route=\/wp\/v2\/posts\/4577\/revisions\/4579"}],"wp:featuredmedia":[{"embeddable":true,"href":"https:\/\/2horizontes.com\/index.php?rest_route=\/wp\/v2\/media\/65132"}],"wp:attachment":[{"href":"https:\/\/2horizontes.com\/index.php?rest_route=%2Fwp%2Fv2%2Fmedia&parent=4577"}],"wp:term":[{"taxonomy":"category","embeddable":true,"href":"https:\/\/2horizontes.com\/index.php?rest_route=%2Fwp%2Fv2%2Fcategories&post=4577"},{"taxonomy":"post_tag","embeddable":true,"href":"https:\/\/2horizontes.com\/index.php?rest_route=%2Fwp%2Fv2%2Ftags&post=4577"}],"curies":[{"name":"wp","href":"https:\/\/api.w.org\/{rel}","templated":true}]}}