{"id":45769,"date":"2016-03-25T17:34:55","date_gmt":"2016-03-25T16:34:55","guid":{"rendered":"http:\/\/2horizontes.com\/?p=45769"},"modified":"2016-03-25T17:34:55","modified_gmt":"2016-03-25T16:34:55","slug":"detenido-un-hombre-por-no-devolver-una-cinta-vhs-que-alquilo-hace-14-anos","status":"publish","type":"post","link":"https:\/\/2horizontes.com\/?p=45769","title":{"rendered":"Detenido un hombre por no devolver una cinta VHS que alquil\u00f3 hace 14 a\u00f1os"},"content":{"rendered":"<p>Qui\u00e9n le iba a decir hace 14 a\u00f1os que Freddy el colgao le iba a dar tantos problemas. James Meyers, de Carolina del Norte, ha sido arrestado por no devolver una pel\u00edcula (d\u00edgase de paso, en formato VHS) que alquil\u00f3 hace m\u00e1s de una d\u00e9cada.<\/p>\n<p>La polic\u00eda par\u00f3 el veh\u00edculo de Meyers en un control rutinario porque la luz de freno no funcionaba. Cuando los agentes le solicitaron el permiso de conducir, descubrieron que sobre \u00e9l pesaba una orden de detenci\u00f3n de 2002 por no haber retornado una pel\u00edcula que hab\u00eda alquilado.<\/p>\n<p>El hombre ha publicado un v\u00eddeo en Youtube en el que detalla c\u00f3mo ocurrieron los hechos. \u201cEl tipo me lleva a la parte trasera del coche y me dice: \u2018Se\u00f1or, no s\u00e9 c\u00f3mo decirle esto, pero hay una orden de arresto emitida en 2002. Al parecer, alquil\u00f3 una pel\u00edcula, Freddy el colgao , y nunca la devolvi\u00f3\u2019\u201d, explica Meyers.<\/p>\n<p>El hombre aprovech\u00f3 la ocasi\u00f3n para protestar por el trabajo de los oficiales de polic\u00eda: \u201cNo est\u00e1n aqu\u00ed para detener a traficantes de hero\u00edna\u201d.<\/p>\n<p>Ahora ha sido citado el 27 de abril, y podr\u00eda hacer frente a una multa acusado de cometer un delito menor.<\/p>\n","protected":false},"excerpt":{"rendered":"<p>Qui\u00e9n le iba a decir hace 14 a\u00f1os que Freddy el colgao le iba a dar tantos problemas. James Meyers, de Carolina del Norte, ha sido arrestado por no devolver una pel\u00edcula (d\u00edgase de paso, en formato VHS) que alquil\u00f3 hace m\u00e1s de una d\u00e9cada. La polic\u00eda par\u00f3 el veh\u00edculo de Meyers en un control [&hellip;]<\/p>\n","protected":false},"author":3,"featured_media":45770,"comment_status":"open","ping_status":"open","sticky":false,"template":"","format":"standard","meta":{"footnotes":""},"categories":[40],"tags":[],"class_list":["post-45769","post","type-post","status-publish","format-standard","has-post-thumbnail","hentry","category-internacionales"],"_links":{"self":[{"href":"https:\/\/2horizontes.com\/index.php?rest_route=\/wp\/v2\/posts\/45769","targetHints":{"allow":["GET"]}}],"collection":[{"href":"https:\/\/2horizontes.com\/index.php?rest_route=\/wp\/v2\/posts"}],"about":[{"href":"https:\/\/2horizontes.com\/index.php?rest_route=\/wp\/v2\/types\/post"}],"author":[{"embeddable":true,"href":"https:\/\/2horizontes.com\/index.php?rest_route=\/wp\/v2\/users\/3"}],"replies":[{"embeddable":true,"href":"https:\/\/2horizontes.com\/index.php?rest_route=%2Fwp%2Fv2%2Fcomments&post=45769"}],"version-history":[{"count":1,"href":"https:\/\/2horizontes.com\/index.php?rest_route=\/wp\/v2\/posts\/45769\/revisions"}],"predecessor-version":[{"id":45771,"href":"https:\/\/2horizontes.com\/index.php?rest_route=\/wp\/v2\/posts\/45769\/revisions\/45771"}],"wp:featuredmedia":[{"embeddable":true,"href":"https:\/\/2horizontes.com\/index.php?rest_route=\/wp\/v2\/media\/45770"}],"wp:attachment":[{"href":"https:\/\/2horizontes.com\/index.php?rest_route=%2Fwp%2Fv2%2Fmedia&parent=45769"}],"wp:term":[{"taxonomy":"category","embeddable":true,"href":"https:\/\/2horizontes.com\/index.php?rest_route=%2Fwp%2Fv2%2Fcategories&post=45769"},{"taxonomy":"post_tag","embeddable":true,"href":"https:\/\/2horizontes.com\/index.php?rest_route=%2Fwp%2Fv2%2Ftags&post=45769"}],"curies":[{"name":"wp","href":"https:\/\/api.w.org\/{rel}","templated":true}]}}