{"id":45755,"date":"2016-03-25T16:42:27","date_gmt":"2016-03-25T15:42:27","guid":{"rendered":"http:\/\/2horizontes.com\/?p=45755"},"modified":"2016-03-25T16:42:27","modified_gmt":"2016-03-25T15:42:27","slug":"ee-uu-habria-matado-en-ataque-a-segundo-hombre-al-mando-del-estado-islamico","status":"publish","type":"post","link":"https:\/\/2horizontes.com\/?p=45755","title":{"rendered":"EE UU habr\u00eda matado en ataque a segundo hombre al mando del Estado Isl\u00e1mico"},"content":{"rendered":"<div class=\"mce-body mce\">\n<p><span id=\"ctl14_lblMostra\">EFE<\/span><\/p>\n<p><span id=\"ctl14_lblMostra\">Estados Unidos mat\u00f3 ayer en un ataque en Siria al n\u00famero dos del grupo yihadista Estado Isl\u00e1mico, Abd al Rahman Mustafa al Qaduli, adelantaron medios estadounidenses.<\/span><br \/>\n<span id=\"ctl14_lblMostra\"><\/span><\/p>\n<p><span id=\"ctl14_lblMostra\">Se espera que el secretario de Defensa, Ashton Carter, confirme la informaci\u00f3n y ofrezca m\u00e1s detalles en la rueda de prensa convocada hoy.<\/p>\n<p>Seg\u00fan fuentes, el ataque fue ejecutado por fuerzas especiales estadounidenses en Siria, y Estados Unidos segu\u00eda los movimientos del terrorista desde hac\u00eda tiempo.<\/p>\n<p>Al Qaduli era uno de los cuatro l\u00edderes \u00abclave\u00bb del Estado Isl\u00e1mico para Estados Unidos, que ofrec\u00eda hasta 7 millones de d\u00f3lares por informaci\u00f3n relacionada con \u00e9l.<\/p>\n<p>El Departamento de Estado lo describ\u00eda como \u00abun l\u00edder del EI que volvi\u00f3 a unirse al grupo\u00bb en Siria \u00abdespu\u00e9s de su salida de prisi\u00f3n a comienzos de 2012\u00bb.<\/p>\n<p>Al Qaduli form\u00f3 parte del grupo terrorista Al Qaeda en Irak desde 2004, y fue el \u00abn\u00famero dos\u00bb del l\u00edder de esa organizaci\u00f3n, Abu Musab al Zarqaui.<\/p>\n<p>En mayo de 2014 fue designado como terrorista por el Departamento del Tesoro de EE UU y, por tanto, estaba tambi\u00e9n sujeto a sanciones.<\/p>\n<p>La noticia llega despu\u00e9s de que el pasado 14 de marzo Estados unidos confirmara la muerte de un alto mando del EI conocido como \u00abOmar el checheno\u00bb en un ataque a\u00e9reo perpetrado por EE UU en Siria diez d\u00edas antes. <\/span><\/p>\n<\/div>\n","protected":false},"excerpt":{"rendered":"<p>EFE Estados Unidos mat\u00f3 ayer en un ataque en Siria al n\u00famero dos del grupo yihadista Estado Isl\u00e1mico, Abd al Rahman Mustafa al Qaduli, adelantaron medios estadounidenses. Se espera que el secretario de Defensa, Ashton Carter, confirme la informaci\u00f3n y ofrezca m\u00e1s detalles en la rueda de prensa convocada hoy. Seg\u00fan fuentes, el ataque fue [&hellip;]<\/p>\n","protected":false},"author":13240,"featured_media":45757,"comment_status":"open","ping_status":"open","sticky":false,"template":"","format":"standard","meta":{"footnotes":""},"categories":[40,84],"tags":[],"class_list":["post-45755","post","type-post","status-publish","format-standard","has-post-thumbnail","hentry","category-internacionales","category-otras-noticias"],"_links":{"self":[{"href":"https:\/\/2horizontes.com\/index.php?rest_route=\/wp\/v2\/posts\/45755","targetHints":{"allow":["GET"]}}],"collection":[{"href":"https:\/\/2horizontes.com\/index.php?rest_route=\/wp\/v2\/posts"}],"about":[{"href":"https:\/\/2horizontes.com\/index.php?rest_route=\/wp\/v2\/types\/post"}],"author":[{"embeddable":true,"href":"https:\/\/2horizontes.com\/index.php?rest_route=\/wp\/v2\/users\/13240"}],"replies":[{"embeddable":true,"href":"https:\/\/2horizontes.com\/index.php?rest_route=%2Fwp%2Fv2%2Fcomments&post=45755"}],"version-history":[{"count":1,"href":"https:\/\/2horizontes.com\/index.php?rest_route=\/wp\/v2\/posts\/45755\/revisions"}],"predecessor-version":[{"id":45758,"href":"https:\/\/2horizontes.com\/index.php?rest_route=\/wp\/v2\/posts\/45755\/revisions\/45758"}],"wp:featuredmedia":[{"embeddable":true,"href":"https:\/\/2horizontes.com\/index.php?rest_route=\/wp\/v2\/media\/45757"}],"wp:attachment":[{"href":"https:\/\/2horizontes.com\/index.php?rest_route=%2Fwp%2Fv2%2Fmedia&parent=45755"}],"wp:term":[{"taxonomy":"category","embeddable":true,"href":"https:\/\/2horizontes.com\/index.php?rest_route=%2Fwp%2Fv2%2Fcategories&post=45755"},{"taxonomy":"post_tag","embeddable":true,"href":"https:\/\/2horizontes.com\/index.php?rest_route=%2Fwp%2Fv2%2Ftags&post=45755"}],"curies":[{"name":"wp","href":"https:\/\/api.w.org\/{rel}","templated":true}]}}