{"id":45738,"date":"2016-03-25T14:09:18","date_gmt":"2016-03-25T13:09:18","guid":{"rendered":"http:\/\/2horizontes.com\/?p=45738"},"modified":"2016-03-25T14:09:18","modified_gmt":"2016-03-25T13:09:18","slug":"un-policia-muerto-y-otro-herido-en-higuey","status":"publish","type":"post","link":"https:\/\/2horizontes.com\/?p=45738","title":{"rendered":"Un polic\u00eda muerto y otro herido en Hig\u00fcey"},"content":{"rendered":"<p>HIG\u00dcEY, Rep\u00fablica Dominicana.- Un polic\u00eda muerto y otro herido es el saldo de un accidente de tr\u00e1nsito ocasionado por un menor que supuestamente aprend\u00eda a conducir.<\/p>\n<p>El muerto es el raso Adriano Peguero Hern\u00e1ndez y el herido el cabo Sabino Peguero, quien fue llevado al Centro M\u00e9dico Punta Cana, de donde fue trasladado a la cl\u00ednica Doctor Cedano, en Hig\u00fcey.<\/p>\n<p>El menor, cuyo nombre se omite por razones legales, tambi\u00e9n sali\u00f3 lesionado debido a que la yipeta que conduc\u00eda, una Toyota Highlander, color vino, se estrell\u00f3 contra una vivienda. Huy\u00f3 de la escena, pero luego se entreg\u00f3 a la dotaci\u00f3n policial de la zona.<\/p>\n<p>Al momento del choque los agentes Adriano Peguero Hern\u00e1ndez y Sabino Peguero transitaban en una motocicleta por la avenida Punta Cana, en la comunidad Los Manantiales.<\/p>\n","protected":false},"excerpt":{"rendered":"<p>HIG\u00dcEY, Rep\u00fablica Dominicana.- Un polic\u00eda muerto y otro herido es el saldo de un accidente de tr\u00e1nsito ocasionado por un menor que supuestamente aprend\u00eda a conducir. El muerto es el raso Adriano Peguero Hern\u00e1ndez y el herido el cabo Sabino Peguero, quien fue llevado al Centro M\u00e9dico Punta Cana, de donde fue trasladado a la [&hellip;]<\/p>\n","protected":false},"author":4,"featured_media":45739,"comment_status":"open","ping_status":"open","sticky":false,"template":"","format":"standard","meta":{"footnotes":""},"categories":[53,44],"tags":[],"class_list":["post-45738","post","type-post","status-publish","format-standard","has-post-thumbnail","hentry","category-provincias","category-republica-dominicana"],"_links":{"self":[{"href":"https:\/\/2horizontes.com\/index.php?rest_route=\/wp\/v2\/posts\/45738","targetHints":{"allow":["GET"]}}],"collection":[{"href":"https:\/\/2horizontes.com\/index.php?rest_route=\/wp\/v2\/posts"}],"about":[{"href":"https:\/\/2horizontes.com\/index.php?rest_route=\/wp\/v2\/types\/post"}],"author":[{"embeddable":true,"href":"https:\/\/2horizontes.com\/index.php?rest_route=\/wp\/v2\/users\/4"}],"replies":[{"embeddable":true,"href":"https:\/\/2horizontes.com\/index.php?rest_route=%2Fwp%2Fv2%2Fcomments&post=45738"}],"version-history":[{"count":1,"href":"https:\/\/2horizontes.com\/index.php?rest_route=\/wp\/v2\/posts\/45738\/revisions"}],"predecessor-version":[{"id":45740,"href":"https:\/\/2horizontes.com\/index.php?rest_route=\/wp\/v2\/posts\/45738\/revisions\/45740"}],"wp:featuredmedia":[{"embeddable":true,"href":"https:\/\/2horizontes.com\/index.php?rest_route=\/wp\/v2\/media\/45739"}],"wp:attachment":[{"href":"https:\/\/2horizontes.com\/index.php?rest_route=%2Fwp%2Fv2%2Fmedia&parent=45738"}],"wp:term":[{"taxonomy":"category","embeddable":true,"href":"https:\/\/2horizontes.com\/index.php?rest_route=%2Fwp%2Fv2%2Fcategories&post=45738"},{"taxonomy":"post_tag","embeddable":true,"href":"https:\/\/2horizontes.com\/index.php?rest_route=%2Fwp%2Fv2%2Ftags&post=45738"}],"curies":[{"name":"wp","href":"https:\/\/api.w.org\/{rel}","templated":true}]}}