{"id":45735,"date":"2016-03-25T10:25:44","date_gmt":"2016-03-25T09:25:44","guid":{"rendered":"http:\/\/2horizontes.com\/?p=45735"},"modified":"2016-03-25T10:25:44","modified_gmt":"2016-03-25T09:25:44","slug":"barack-obama-es-el-lider-politico-mundial-mas-popular-en-america-latina","status":"publish","type":"post","link":"https:\/\/2horizontes.com\/?p=45735","title":{"rendered":"Barack Obama es el l\u00edder pol\u00edtico mundial m\u00e1s popular en Am\u00e9rica Latina"},"content":{"rendered":"<div><strong>Am\u00e9rica Latina<\/strong><\/div>\n<div><\/div>\n<div>Para algunos, el resultado podr\u00eda resultar extra\u00f1o. Durante buena parte de las \u00faltimas d\u00e9cadas, las relaciones entre los Estados Unidos y Am\u00e9rica Latina no pasaron por su mejor momento hist\u00f3rico. Los gobiernos regionales de izquierda y el \u00abimperio\u00bb norteamericano al que denunciaban no cuajaban. Es por eso que la opini\u00f3n de muchos latinoamericanos podr\u00eda asombrar: <b>al 33% de los ciudadanos de la regi\u00f3n le gustar\u00eda que el presidente de su propio pa\u00eds se pareciera aBarack Obama<\/b>.<\/div>\n<div><\/div>\n<div>La conclusi\u00f3n surge de un sondeo resultado por #OpinaAm\u00e9ricaLatina durante enero en 19 pa\u00edses de la regi\u00f3n. Luego del jefe de Estado norteamericano,<b> la alemana Angela Merkel se erige como la l\u00edder m\u00e1s popular, con el 16% de las preferencias<\/b>, seguida por el ruso <b>Vladimir Putin<\/b> (8%), el brit\u00e1nico <b>David Cameron<\/b> (3%), el franc\u00e9s <b>Fran\u00e7ois Hollande<\/b> (2%) y el premier chino <b>Li Keqiang <\/b>(2%).<\/div>\n<div><\/div>\n<div>Seg\u00fan el documento, Obama se convirti\u00f3 en un l\u00edder carism\u00e1tico a partir de <b>\u00abuna imagen p\u00fablica altamente emp\u00e1tica con el ciudadano promedio de los Estados Unidos\u00bb<\/b>. \u00abSu origen no aristocr\u00e1tico y el hecho de haber construido una brillante carrera profesional y una familia modelo fueron una buena base para acercarse a los ciudadanos a partir de una serie de cualidades tales como la honestidad, la credibilidad y la confianza, que no s\u00f3lo lo llevaron a ser el primer presidente afroamericano de los Estados Unidos, sino que a\u00fan hoy, casi llegando al final de su segundo mandato, lo ayudan a sostener una alta imagen positiva\u00bb, explica.<\/div>\n<div><\/div>\n<div><span id=\"saysCMSEmphasisunx1iy2fv8rtp8cqe38ruow29\" class=\"saysCMSEmphasis\">OBAMA SE CONVIRTI\u00d3 EN UN L\u00cdDER CARISM\u00c1TICO A PARTIR DE \u00abUNA IMAGEN P\u00daBLICA ALTAMENTE EMP\u00c1TICA CON EL CIUDADANO PROMEDIO DE LOS EEUU\u00bb<\/span><\/div>\n<div><\/div>\n<div>Buena parte del \u00e9xito del mandatario en la regi\u00f3n obedece a su buena imagen entre los ciudadanos de <b>Brasil, Rep\u00fablica Dominicana, Panam\u00e1 y Ecuador<\/b>, quienes resultaron ser las personas con mayor predilecci\u00f3n por Obama. En estos pa\u00edses, <b>el 40% lo consider\u00f3 como un buen l\u00edder a imitar<\/b>. En cambio, <b>la Argentina y Nicaragua fueron las naciones donde cosech\u00f3 menor adhesi\u00f3n<\/b>: apenas m\u00e1s del 20% en cada uno de ellas quisieran que sus propios presidentes se le parecieran.<\/div>\n<div><b>\u00a0<\/b><\/div>\n<div><b>Entre los j\u00f3venes de 18 a 29 a\u00f1os, la imagen positiva del norteamericano trepa al 42%<\/b>, algo que el informe lo atribuye a su manejo de redes sociales. En Twitter, por ejemplo, es el tercer usuario con m\u00e1s cantidad de seguidores en todo el mundo. <b>Tambi\u00e9n las mujeres lo prefieren<\/b>: al 37% le gustar\u00eda que su presidente fuese como \u00e9l.<\/div>\n<div><\/div>\n<div>De todos modos, el caso de Obama en Am\u00e9rica Latina tal vez no sea \u00fanico. Otros presidentes estadounidenses tambi\u00e9n suscitan admiraci\u00f3n: John Fitzgerald Kennedy y Abraham Lincoln son algunos de ellos.<\/div>\n<div><\/div>\n<div>Por su parte, entre aquellos que m\u00e1s admiran a Merkel se encuentran los chilenos, con el 29%, seguidos por los ciudadanos de Costa Rica (24%), Colombia (20%) y Per\u00fa (20%). \u00abEsta popularidad de la que goza la premier alemana se puede asignar por el rol central que tiene en la resoluci\u00f3n de los principales problemas econ\u00f3micos y migratorios que enfrenta el Viejo Continente\u00bb, indicaron los autores del informe de #OpinaAm\u00e9ricaLatina.<\/div>\n<div><\/div>\n<div>\n<div id=\"2126681-Grande-1596341021_wrap\" class=\"embed_cont type_imagen\">\n<div id=\"2126681-Grande-1596341021_content\" class=\"embed_content\"><img decoding=\"async\" id=\"2126681-Grande-1596341021_embed\" src=\"http:\/\/cdn01.am.infobae.com\/adjuntos\/163\/imagenes\/013\/843\/0013843176.jpg?0000-00-00-00-00-00\" alt=\"\" \/><\/div>\n<div id=\"2126681-Grande-1596341021_epigrafe\" class=\"embed_epigrafe\">Angel Merkel y Barack Obama, durante la cumbre del cambio clim\u00e1tico en Par\u00eds<\/div>\n<div id=\"2126681-Grande-1596341021_copyright\" class=\"embed_copyright\">Reuters<\/div>\n<\/div>\n<\/div>\n<div>En tanto, el 8% de apoyo que recibe Putin lo ubica en el podio. Su buena imagen se destaca sobre todo en los pa\u00edses centroamericanos, sobre todo en Guatemala (22%), El Salvador (20%) y Honduras (16%). Largamente en el poder, su buena posici\u00f3n llama la atenci\u00f3n debido a que \u00abRusia no tiene hoy en d\u00eda la centralidad en el escenario mundial que ostentaba durante los a\u00f1os de la denominada Guerra Fr\u00eda\u00bb.<\/div>\n<div><\/div>\n<div>Finalmente, cabe destacar que <b>un porcentaje muy importante \u201424%\u2014 contest\u00f3 que no le gustar\u00eda que sus presidentes se parecieran a ning\u00fan otro l\u00edder mundial de la actualidad<\/b>. \u00abAm\u00e9rica Latina no s\u00f3lo mira lo que pasa en el mundo, tambi\u00e9n estima a sus l\u00edderes locales\u00bb, concluye el documento.<\/div>\n<div><\/div>\n<div>La encuesta fue realizada entre 2.700 mayores de 18 a\u00f1os de la Argentina, Bolivia, Brasil, Chile, Colombia, Costa Rica, Ecuador, El Salvador, Guatemala, Honduras, M\u00e9xico, Nicaragua, Panam\u00e1, Paraguay, Per\u00fa, Puerto Rico, Rep\u00fablica Dominicana, Uruguay y Venezuela, con un error muestral de +\/- 2%.<\/div>\n<div><\/div>\n<div>F. Infobae.<\/div>\n","protected":false},"excerpt":{"rendered":"<p>Am\u00e9rica Latina Para algunos, el resultado podr\u00eda resultar extra\u00f1o. Durante buena parte de las \u00faltimas d\u00e9cadas, las relaciones entre los Estados Unidos y Am\u00e9rica Latina no pasaron por su mejor momento hist\u00f3rico. Los gobiernos regionales de izquierda y el \u00abimperio\u00bb norteamericano al que denunciaban no cuajaban. Es por eso que la opini\u00f3n de muchos latinoamericanos [&hellip;]<\/p>\n","protected":false},"author":7,"featured_media":45736,"comment_status":"open","ping_status":"open","sticky":false,"template":"","format":"standard","meta":{"footnotes":""},"categories":[40,43],"tags":[],"class_list":["post-45735","post","type-post","status-publish","format-standard","has-post-thumbnail","hentry","category-internacionales","category-politica"],"_links":{"self":[{"href":"https:\/\/2horizontes.com\/index.php?rest_route=\/wp\/v2\/posts\/45735","targetHints":{"allow":["GET"]}}],"collection":[{"href":"https:\/\/2horizontes.com\/index.php?rest_route=\/wp\/v2\/posts"}],"about":[{"href":"https:\/\/2horizontes.com\/index.php?rest_route=\/wp\/v2\/types\/post"}],"author":[{"embeddable":true,"href":"https:\/\/2horizontes.com\/index.php?rest_route=\/wp\/v2\/users\/7"}],"replies":[{"embeddable":true,"href":"https:\/\/2horizontes.com\/index.php?rest_route=%2Fwp%2Fv2%2Fcomments&post=45735"}],"version-history":[{"count":1,"href":"https:\/\/2horizontes.com\/index.php?rest_route=\/wp\/v2\/posts\/45735\/revisions"}],"predecessor-version":[{"id":45737,"href":"https:\/\/2horizontes.com\/index.php?rest_route=\/wp\/v2\/posts\/45735\/revisions\/45737"}],"wp:featuredmedia":[{"embeddable":true,"href":"https:\/\/2horizontes.com\/index.php?rest_route=\/wp\/v2\/media\/45736"}],"wp:attachment":[{"href":"https:\/\/2horizontes.com\/index.php?rest_route=%2Fwp%2Fv2%2Fmedia&parent=45735"}],"wp:term":[{"taxonomy":"category","embeddable":true,"href":"https:\/\/2horizontes.com\/index.php?rest_route=%2Fwp%2Fv2%2Fcategories&post=45735"},{"taxonomy":"post_tag","embeddable":true,"href":"https:\/\/2horizontes.com\/index.php?rest_route=%2Fwp%2Fv2%2Ftags&post=45735"}],"curies":[{"name":"wp","href":"https:\/\/api.w.org\/{rel}","templated":true}]}}