{"id":45729,"date":"2016-03-25T10:14:25","date_gmt":"2016-03-25T09:14:25","guid":{"rendered":"http:\/\/2horizontes.com\/?p=45729"},"modified":"2016-03-25T10:14:25","modified_gmt":"2016-03-25T09:14:25","slug":"capturaron-en-francia-hombre-acusado-de-tener-plan-terrorista-en-etapa-avanzada","status":"publish","type":"post","link":"https:\/\/2horizontes.com\/?p=45729","title":{"rendered":"Capturaron en Francia hombre acusado de tener plan terrorista en \u00abetapa avanzada\u00bb"},"content":{"rendered":"<p><strong>Francia<\/strong><\/p>\n<p>Un hombre de nacionalidad francesa fue arrestado cuando se encontraba<b> en las \u00abetapas avanzadas\u00bb de un plan para atacar el pa\u00eds<\/b>, inform\u00f3 este jueves el ministro del interior de\u00a0Francia.<\/p>\n<p><b>Bernard Cazeneuve<\/b> explic\u00f3 que por el momento <b>no hay v\u00ednculos entre el plan y los atentados en Par\u00eds o Bruselas.<\/b><\/p>\n<p>A su vez, el ministro asegur\u00f3 dijo que en el lugar <b>hab\u00eda escuadrones antibombas.<\/b> El operativo se realiz\u00f3 <b>en la ciudad de Argenteuil, en el l\u00edmite norte de la capital francesa.<\/b><\/p>\n<p>El funcionario recalc\u00f3 que el arrestado estaba implicado en un \u00abalto nivel\u00bb del plan, pero no revel\u00f3 m\u00e1s detalles.<\/p>\n<p>&nbsp;<\/p>\n<div id=\"2020640-Grande-585965685_wrap\" class=\"embed_cont type_imagen\">\n<div id=\"2020640-Grande-585965685_content\" class=\"embed_content\"><img decoding=\"async\" id=\"2020640-Grande-585965685_embed\" src=\"http:\/\/cdn01.am.infobae.com\/adjuntos\/163\/imagenes\/012\/896\/0012896629.jpg?0000-00-00-00-00-00\" alt=\"\" \/><\/div>\n<div id=\"2020640-Grande-585965685_epigrafe\" class=\"embed_epigrafe\">Bernard Cazeneuve, ministro del Interior de Francia<\/div>\n<div id=\"2020640-Grande-585965685_copyright\" class=\"embed_copyright\">AFP<\/div>\n<\/div>\n<p>&nbsp;<\/p>\n<p><b>Su arresto, seg\u00fan a\u00f1adi\u00f3 Cazeneuve en su comparecencia, eleva a 75 las detenciones desde principios de a\u00f1o de personas implicadas de cerca o de lejos en actividades terroristas, de las cuales 28 han sido encarceladas.<\/b><\/p>\n<p>Cazeneuve subray\u00f3 que se est\u00e1 \u00abhaciendo todo\u00bb para proteger a los franceses, y destac\u00f3 que la operaci\u00f3n en marcha se produce en el marco de una comisi\u00f3n rogatoria emprendida bajo la autoridad de una juez de instrucci\u00f3n antiterrorista.<\/p>\n<p>El diario <i>Le Parisien<\/i> a\u00f1adi\u00f3 en su edici\u00f3n digital que los furgones policiales comenzaron a llegar a la zona poco despu\u00e9s de las 16:30 GMT, <b>establecieron un per\u00edmetro de seguridad y evacuaron las inmediaciones.<\/b><\/p>\n<p>Tras los atentados de Bruselas de esta semana, en los que murieron una treintena de personas, Cazeneuve orden\u00f3 el despliegue adicional en Francia de 1.600 polic\u00edas y gendarmes para reforzar el control en las fronteras y en las infraestructuras de transporte y advirti\u00f3 de que \u00abla amenaza a la que nos enfrentamos es proteiforme\u00bb.<\/p>\n<p>F. Infobae.<\/p>\n","protected":false},"excerpt":{"rendered":"<p>Francia Un hombre de nacionalidad francesa fue arrestado cuando se encontraba en las \u00abetapas avanzadas\u00bb de un plan para atacar el pa\u00eds, inform\u00f3 este jueves el ministro del interior de\u00a0Francia. Bernard Cazeneuve explic\u00f3 que por el momento no hay v\u00ednculos entre el plan y los atentados en Par\u00eds o Bruselas. A su vez, el ministro [&hellip;]<\/p>\n","protected":false},"author":7,"featured_media":45730,"comment_status":"open","ping_status":"open","sticky":false,"template":"","format":"standard","meta":{"footnotes":""},"categories":[86,40],"tags":[],"class_list":["post-45729","post","type-post","status-publish","format-standard","has-post-thumbnail","hentry","category-europa","category-internacionales"],"_links":{"self":[{"href":"https:\/\/2horizontes.com\/index.php?rest_route=\/wp\/v2\/posts\/45729","targetHints":{"allow":["GET"]}}],"collection":[{"href":"https:\/\/2horizontes.com\/index.php?rest_route=\/wp\/v2\/posts"}],"about":[{"href":"https:\/\/2horizontes.com\/index.php?rest_route=\/wp\/v2\/types\/post"}],"author":[{"embeddable":true,"href":"https:\/\/2horizontes.com\/index.php?rest_route=\/wp\/v2\/users\/7"}],"replies":[{"embeddable":true,"href":"https:\/\/2horizontes.com\/index.php?rest_route=%2Fwp%2Fv2%2Fcomments&post=45729"}],"version-history":[{"count":1,"href":"https:\/\/2horizontes.com\/index.php?rest_route=\/wp\/v2\/posts\/45729\/revisions"}],"predecessor-version":[{"id":45731,"href":"https:\/\/2horizontes.com\/index.php?rest_route=\/wp\/v2\/posts\/45729\/revisions\/45731"}],"wp:featuredmedia":[{"embeddable":true,"href":"https:\/\/2horizontes.com\/index.php?rest_route=\/wp\/v2\/media\/45730"}],"wp:attachment":[{"href":"https:\/\/2horizontes.com\/index.php?rest_route=%2Fwp%2Fv2%2Fmedia&parent=45729"}],"wp:term":[{"taxonomy":"category","embeddable":true,"href":"https:\/\/2horizontes.com\/index.php?rest_route=%2Fwp%2Fv2%2Fcategories&post=45729"},{"taxonomy":"post_tag","embeddable":true,"href":"https:\/\/2horizontes.com\/index.php?rest_route=%2Fwp%2Fv2%2Ftags&post=45729"}],"curies":[{"name":"wp","href":"https:\/\/api.w.org\/{rel}","templated":true}]}}