{"id":45701,"date":"2016-03-25T09:36:20","date_gmt":"2016-03-25T08:36:20","guid":{"rendered":"http:\/\/2horizontes.com\/?p=45701"},"modified":"2016-03-25T09:36:20","modified_gmt":"2016-03-25T08:36:20","slug":"ee-uu-tenia-en-lista-antiterrorista-a-los-hermanos-que-atentaron-en-bruselas","status":"publish","type":"post","link":"https:\/\/2horizontes.com\/?p=45701","title":{"rendered":"EE.UU. ten\u00eda en lista antiterrorista a los hermanos que atentaron en Bruselas"},"content":{"rendered":"<div id=\"ArticleAuthorDiv\" class=\"article-body-author\"><b>Washington<\/b><\/div>\n<div id=\"ArticleSourceDiv\" class=\"article-body-author\"><b>EFE<\/b><\/div>\n<div id=\"ArticleBody\">\n<p>El Gobierno de Estados Unidos ten\u00eda los nombres de los dos hermanos que atentaron el martes en Bruselas en una lista de vigilancia antiterrorista antes de que se produjesen los ataques, inform\u00f3 hoy la cadena NBC, que cit\u00f3 a dos altos funcionarios no identificados.<\/p>\n<p>Ibrahim y Khalid El Bakraoui, ambos fallecidos el martes, estaban incluidos en una lista de los servicios de Inteligencia estadounidenses que los clasificaba como \u00abamenaza potencial\u00bb, aunque la informaci\u00f3n de NBC no matiz\u00f3 en cu\u00e1l de las m\u00faltiples listas antiterroristas que maneja EE.UU. se encontraban.<\/p>\n<p>Los dos hermanos ya estaban incluidos en esa lista tambi\u00e9n antes del pasado viernes 18 de marzo, cuando fue detenido precisamente en Bruselas el presunto cerebro log\u00edstico de los atentados de noviembre en Par\u00eds, Salah Abdeslam.<\/p>\n<p>De acuerdo con NBC, varios comit\u00e9s del Congreso de EE.UU. han pedido a los servicios de Inteligencia que les faciliten informaci\u00f3n sobre en qu\u00e9 lista exactamente se encontraban los Bakraoui, as\u00ed como cu\u00e1nto tiempo llevaban en ella y si esa informaci\u00f3n se comparti\u00f3 con otros pa\u00edses.<\/p>\n<p>Las autoridades belgas identificaron a Ibrahim El Bakraoui como uno de los dos terroristas suicidas que hizo estallar bombas en el aeropuerto de Bruselas y a su hermano Khalid como el suicida responsable del ataque en la estaci\u00f3n de metro de Maelbeek.<\/p>\n<p>Ambos ataques dejaron un total de 31 muertos y 316 heridos.<\/p>\n<\/div>\n","protected":false},"excerpt":{"rendered":"<p>Washington EFE El Gobierno de Estados Unidos ten\u00eda los nombres de los dos hermanos que atentaron el martes en Bruselas en una lista de vigilancia antiterrorista antes de que se produjesen los ataques, inform\u00f3 hoy la cadena NBC, que cit\u00f3 a dos altos funcionarios no identificados. Ibrahim y Khalid El Bakraoui, ambos fallecidos el martes, [&hellip;]<\/p>\n","protected":false},"author":7,"featured_media":45702,"comment_status":"open","ping_status":"open","sticky":false,"template":"","format":"standard","meta":{"footnotes":""},"categories":[86,40],"tags":[],"class_list":["post-45701","post","type-post","status-publish","format-standard","has-post-thumbnail","hentry","category-europa","category-internacionales"],"_links":{"self":[{"href":"https:\/\/2horizontes.com\/index.php?rest_route=\/wp\/v2\/posts\/45701","targetHints":{"allow":["GET"]}}],"collection":[{"href":"https:\/\/2horizontes.com\/index.php?rest_route=\/wp\/v2\/posts"}],"about":[{"href":"https:\/\/2horizontes.com\/index.php?rest_route=\/wp\/v2\/types\/post"}],"author":[{"embeddable":true,"href":"https:\/\/2horizontes.com\/index.php?rest_route=\/wp\/v2\/users\/7"}],"replies":[{"embeddable":true,"href":"https:\/\/2horizontes.com\/index.php?rest_route=%2Fwp%2Fv2%2Fcomments&post=45701"}],"version-history":[{"count":1,"href":"https:\/\/2horizontes.com\/index.php?rest_route=\/wp\/v2\/posts\/45701\/revisions"}],"predecessor-version":[{"id":45703,"href":"https:\/\/2horizontes.com\/index.php?rest_route=\/wp\/v2\/posts\/45701\/revisions\/45703"}],"wp:featuredmedia":[{"embeddable":true,"href":"https:\/\/2horizontes.com\/index.php?rest_route=\/wp\/v2\/media\/45702"}],"wp:attachment":[{"href":"https:\/\/2horizontes.com\/index.php?rest_route=%2Fwp%2Fv2%2Fmedia&parent=45701"}],"wp:term":[{"taxonomy":"category","embeddable":true,"href":"https:\/\/2horizontes.com\/index.php?rest_route=%2Fwp%2Fv2%2Fcategories&post=45701"},{"taxonomy":"post_tag","embeddable":true,"href":"https:\/\/2horizontes.com\/index.php?rest_route=%2Fwp%2Fv2%2Ftags&post=45701"}],"curies":[{"name":"wp","href":"https:\/\/api.w.org\/{rel}","templated":true}]}}