{"id":45693,"date":"2016-03-24T23:13:23","date_gmt":"2016-03-24T22:13:23","guid":{"rendered":"http:\/\/2horizontes.com\/?p=45693"},"modified":"2016-03-24T23:13:23","modified_gmt":"2016-03-24T22:13:23","slug":"rendiran-un-minuto-de-silencio-en-homenaje-a-cruyff-en-amistoso-holanda-vs-francia","status":"publish","type":"post","link":"https:\/\/2horizontes.com\/?p=45693","title":{"rendered":"Rendir\u00e1n un minuto de silencio en homenaje a Cruyff en amistoso Holanda vs Francia"},"content":{"rendered":"<div class=\"detalle-texto\">\n<div class=\"text\">\n<p>AMSTERDAM, HOLANDA. El partido amistoso que disputar\u00e1n Holanda y Francia el viernes ser\u00e1 interrumpido a los 14 minutos para tributar un minuto de silencio en memoria de Johan Cruyff.<\/p>\n<p>La Federaci\u00f3n Holandesa de F\u00fatbol anunci\u00f3 la decisi\u00f3n el jueves, poco despu\u00e9s que Cruyff falleci\u00f3 en Barcelona a los 68 a\u00f1os tras una lucha de cinco meses contra un c\u00e1ncer pulmonar.<\/p>\n<p>Cruyff usaba la camiseta n\u00famero 14 con la selecci\u00f3n holandesa.<\/p>\n<p>Aunque no lleg\u00f3 a ganar la Copa Mundial, fue pieza vital en la selecci\u00f3n de Holanda que deslumbr\u00f3 al mundo del deporte con su \u201cF\u00fatbol total\u201d.<\/p>\n<\/div>\n<\/div>\n","protected":false},"excerpt":{"rendered":"<p>AMSTERDAM, HOLANDA. El partido amistoso que disputar\u00e1n Holanda y Francia el viernes ser\u00e1 interrumpido a los 14 minutos para tributar un minuto de silencio en memoria de Johan Cruyff. La Federaci\u00f3n Holandesa de F\u00fatbol anunci\u00f3 la decisi\u00f3n el jueves, poco despu\u00e9s que Cruyff falleci\u00f3 en Barcelona a los 68 a\u00f1os tras una lucha de cinco [&hellip;]<\/p>\n","protected":false},"author":13240,"featured_media":45695,"comment_status":"open","ping_status":"open","sticky":false,"template":"","format":"standard","meta":{"footnotes":""},"categories":[42,86,40],"tags":[],"class_list":["post-45693","post","type-post","status-publish","format-standard","has-post-thumbnail","hentry","category-deportes","category-europa","category-internacionales"],"_links":{"self":[{"href":"https:\/\/2horizontes.com\/index.php?rest_route=\/wp\/v2\/posts\/45693","targetHints":{"allow":["GET"]}}],"collection":[{"href":"https:\/\/2horizontes.com\/index.php?rest_route=\/wp\/v2\/posts"}],"about":[{"href":"https:\/\/2horizontes.com\/index.php?rest_route=\/wp\/v2\/types\/post"}],"author":[{"embeddable":true,"href":"https:\/\/2horizontes.com\/index.php?rest_route=\/wp\/v2\/users\/13240"}],"replies":[{"embeddable":true,"href":"https:\/\/2horizontes.com\/index.php?rest_route=%2Fwp%2Fv2%2Fcomments&post=45693"}],"version-history":[{"count":1,"href":"https:\/\/2horizontes.com\/index.php?rest_route=\/wp\/v2\/posts\/45693\/revisions"}],"predecessor-version":[{"id":45696,"href":"https:\/\/2horizontes.com\/index.php?rest_route=\/wp\/v2\/posts\/45693\/revisions\/45696"}],"wp:featuredmedia":[{"embeddable":true,"href":"https:\/\/2horizontes.com\/index.php?rest_route=\/wp\/v2\/media\/45695"}],"wp:attachment":[{"href":"https:\/\/2horizontes.com\/index.php?rest_route=%2Fwp%2Fv2%2Fmedia&parent=45693"}],"wp:term":[{"taxonomy":"category","embeddable":true,"href":"https:\/\/2horizontes.com\/index.php?rest_route=%2Fwp%2Fv2%2Fcategories&post=45693"},{"taxonomy":"post_tag","embeddable":true,"href":"https:\/\/2horizontes.com\/index.php?rest_route=%2Fwp%2Fv2%2Ftags&post=45693"}],"curies":[{"name":"wp","href":"https:\/\/api.w.org\/{rel}","templated":true}]}}