{"id":45670,"date":"2016-03-24T22:39:50","date_gmt":"2016-03-24T21:39:50","guid":{"rendered":"http:\/\/2horizontes.com\/?p=45670"},"modified":"2016-03-24T22:39:50","modified_gmt":"2016-03-24T21:39:50","slug":"dedicaron-revista-vogue-completa-a-una-kardashian","status":"publish","type":"post","link":"https:\/\/2horizontes.com\/?p=45670","title":{"rendered":"Dedicaron revista Vogue completa a una Kardashian"},"content":{"rendered":"<p>La revista de modas <em>Vogue<\/em> publicar\u00e1 en una edici\u00f3n especial dedicada exclusivamente a Kendall Jenner, una de las menores de la familia Kardashian.<\/p>\n<p>Mario Testino fue el encargado de dirigir esta sesi\u00f3n fotogr\u00e1fica que solo llegar\u00e1 a unos cuantos afortunados y subscriptores, de Nueva York y Los \u00c1ngeles.<\/p>\n<p>La modelo revel\u00f3 la noticia a trav\u00e9s de su cuenta de Instagram donde expres\u00f3 su agradecimiento con la editorial por tener una edici\u00f3n de 52 p\u00e1ginas dedicada enteramente a su persona, con tan solo 20 a\u00f1os de edad.<\/p>\n","protected":false},"excerpt":{"rendered":"<p>La revista de modas Vogue publicar\u00e1 en una edici\u00f3n especial dedicada exclusivamente a Kendall Jenner, una de las menores de la familia Kardashian. Mario Testino fue el encargado de dirigir esta sesi\u00f3n fotogr\u00e1fica que solo llegar\u00e1 a unos cuantos afortunados y subscriptores, de Nueva York y Los \u00c1ngeles. La modelo revel\u00f3 la noticia a trav\u00e9s [&hellip;]<\/p>\n","protected":false},"author":13240,"featured_media":45672,"comment_status":"open","ping_status":"open","sticky":false,"template":"","format":"standard","meta":{"footnotes":""},"categories":[1,40],"tags":[],"class_list":["post-45670","post","type-post","status-publish","format-standard","has-post-thumbnail","hentry","category-entretenimiento","category-internacionales"],"_links":{"self":[{"href":"https:\/\/2horizontes.com\/index.php?rest_route=\/wp\/v2\/posts\/45670","targetHints":{"allow":["GET"]}}],"collection":[{"href":"https:\/\/2horizontes.com\/index.php?rest_route=\/wp\/v2\/posts"}],"about":[{"href":"https:\/\/2horizontes.com\/index.php?rest_route=\/wp\/v2\/types\/post"}],"author":[{"embeddable":true,"href":"https:\/\/2horizontes.com\/index.php?rest_route=\/wp\/v2\/users\/13240"}],"replies":[{"embeddable":true,"href":"https:\/\/2horizontes.com\/index.php?rest_route=%2Fwp%2Fv2%2Fcomments&post=45670"}],"version-history":[{"count":1,"href":"https:\/\/2horizontes.com\/index.php?rest_route=\/wp\/v2\/posts\/45670\/revisions"}],"predecessor-version":[{"id":45673,"href":"https:\/\/2horizontes.com\/index.php?rest_route=\/wp\/v2\/posts\/45670\/revisions\/45673"}],"wp:featuredmedia":[{"embeddable":true,"href":"https:\/\/2horizontes.com\/index.php?rest_route=\/wp\/v2\/media\/45672"}],"wp:attachment":[{"href":"https:\/\/2horizontes.com\/index.php?rest_route=%2Fwp%2Fv2%2Fmedia&parent=45670"}],"wp:term":[{"taxonomy":"category","embeddable":true,"href":"https:\/\/2horizontes.com\/index.php?rest_route=%2Fwp%2Fv2%2Fcategories&post=45670"},{"taxonomy":"post_tag","embeddable":true,"href":"https:\/\/2horizontes.com\/index.php?rest_route=%2Fwp%2Fv2%2Ftags&post=45670"}],"curies":[{"name":"wp","href":"https:\/\/api.w.org\/{rel}","templated":true}]}}