{"id":45665,"date":"2016-03-24T19:42:22","date_gmt":"2016-03-24T18:42:22","guid":{"rendered":"http:\/\/2horizontes.com\/?p=45665"},"modified":"2016-03-24T19:42:22","modified_gmt":"2016-03-24T18:42:22","slug":"cuales-fueron-las-fallas-de-seguridad-que-aprovecharon-los-terroristas-en-bruselas","status":"publish","type":"post","link":"https:\/\/2horizontes.com\/?p=45665","title":{"rendered":"Cu\u00e1les fueron las fallas de seguridad que aprovecharon los terroristas en Bruselas"},"content":{"rendered":"<p><strong>Bruselas<\/strong><\/p>\n<p>El doble atentado en Bruselas contra el aeropuerto internacional de Zaventem y la estaci\u00f3n de metro de Maalbeek conmocionaron al mundo entero. Se trat\u00f3, en efecto, del ataque m\u00e1s resonante llevado a cabo por el Estado Isl\u00e1mico (ISIS, por sus siglas en ingl\u00e9s) luego del dram\u00e1tico 13-N de Par\u00eds, que dej\u00f3 130 muertos. Con el correr de las horas se conocen <b>fallas de seguridad sin las cuales probablemente la inteligencia belga podr\u00eda haber evitado los ataques<\/b>.<\/p>\n<div><\/div>\n<div>\u00abLos atentados con bombas en B\u00e9lgica ofrecen nueva evidencia de las deficiencias de sus fuerzas de seguridad en el control de los islamistas radicales violentos, una falla que ha permitido que este pa\u00eds en el coraz\u00f3n de Europa se convirtiera en una <b>incubadora del terror<\/b>\u00ab, asegur\u00f3 el prestigioso diario norteamericano <i>The Washigton Post<\/i>.<\/div>\n<div><\/div>\n<div>\u00abUn ejemplo evidente <span style=\"color: #545454;font-family: arial, sans-serif;font-size: small\">\u2014agrega el medio<\/span>\u2014: las autoridades belgas sab\u00edan que al menos uno de los dos hermanos que se inmolaron en los ataques, Ibrahim el Bakraoui, de 29 a\u00f1os, hab\u00eda entrado en Turqu\u00eda con la aparente intenci\u00f3n de unirse a los militantes islamistas en Siria\u00bb. <b>En efecto, Turqu\u00eda lo detuvo y expuls\u00f3 a Holanda en verano pasado<\/b>, seg\u00fan declar\u00f3 el presidente de Turqu\u00eda, Recep Tayyip Erdogan.<\/div>\n<div><\/div>\n<div>\u00abUno de los autores de los ataques de Bruselas es una persona que detuvimos en junio de 2015 en Ganziatep y fue deportado.<b> Informamos a la embajada belga sobre la deportaci\u00f3n el 14 de julio. B\u00e9lgica lo dej\u00f3 libre<\/b>\u00ab, indic\u00f3 Erdogan en una rueda de prensa en Ankara. \u00abPese a nuestras advertencias de que esta persona era un combatiente extranjero, B\u00e9lgica no pudo determinar sus v\u00ednculos con el terrorismo\u00bb, a\u00f1adi\u00f3 el Presidente.<\/div>\n<div><\/div>\n<div>Sin embargo, la respuesta de los oficiales belgas fue que no consideraron que ese intento de unirse representara una amenaza terrorista. El ministro de Justicia, Koen Geens, subray\u00f3 que <b>El Bakraoui no era conocido en B\u00e9lgica por terrorismo, sino que \u00abera un delincuente com\u00fan en libertad condicional\u00bb<\/b> y, en todo caso, no fue deportado a B\u00e9lgica, sino a Holanda.<\/div>\n<div><\/div>\n<div>Peor a\u00fan, Geens dijo<b> no saber con certeza si B\u00e9lgica estaba al tanto de esta operaci\u00f3n, ni su gabinete pudo precisar tampoco por qu\u00e9 El Bakraoui fue deportado a Holanda<\/b>. Aunque \u00e9ste fue puesto en libertad condicional en 2014 en B\u00e9lgica, de nuevo fue buscado por las fuerzas de seguridad porque no hab\u00eda respetado las condiciones de aquella, seg\u00fan la <i>Agencia Belga<\/i>.<\/div>\n<div><\/div>\n<div><span id=\"saysCMSEmphasisltyxnws7msk4avvgnvn9daemi\" class=\"saysCMSEmphasis\">EL C\u00d3DIGO PENAL DEL PA\u00cdS PROH\u00cdBE OPERATIVOS ENTRE LAS 9 Y LAS 17, LO QUE LES DA UNA VENTAJA A LOS TERRORISTAS<\/span><\/div>\n<div><\/div>\n<div><\/div>\n<div>Su hermano menor, Khalid el Bakraoui, de 27 a\u00f1os, tambi\u00e9n fue monitoreado en Turqu\u00eda, pero no est\u00e1 claro que B\u00e9lgica supiera de sus movimientos. Sin embargo, fue parte de la log\u00edstica de los ataques de noviembre en Par\u00eds.<\/div>\n<div><\/div>\n<div>\u00abPero los errores de seguridad no terminan ah\u00ed\u00bb, consider\u00f3 <i>The Washington Post<\/i>. <b>Najim Laachraoui <\/b>podr\u00eda ser el segundo terrorista suicida del atentado en el aeropuerto de Bruselas. Laachraoui, uno de los c\u00f3mplices de Salah Abdeslam, detenido en B\u00e9lgica el pasado viernes y presunto cerebro del aparato log\u00edstico de los atentados del 13-N en Par\u00eds, es tambi\u00e9n<b>sospechoso de haber manipulado los explosivos de los ataques en la capital gala<\/b>.<\/div>\n<div><\/div>\n<div>\u00abLas \u00faltimas revelaciones sugieren que, a pesar de las redadas y detenciones en Europa, la red detr\u00e1s del atentado en la capital de Francia nunca fue desmontada completamente, lo que dej\u00f3 a algunos de sus miembros a actuar de nuevo\u00bb, se\u00f1al\u00f3 el diario, que a\u00f1adi\u00f3: \u00abLos problemas en B\u00e9lgica incluyen operaciones antiterroristas que no lograron capturar a sus objetivos\u00bb.<\/div>\n<div><\/div>\n<div>\n<div id=\"2198376-Grande-205037778_wrap\" class=\"embed_cont type_imagen\">\n<div id=\"2198376-Grande-205037778_content\" class=\"embed_content\"><img decoding=\"async\" id=\"2198376-Grande-205037778_embed\" src=\"http:\/\/cdn01.am.infobae.com\/adjuntos\/163\/imagenes\/014\/470\/0014470497.jpg?0000-00-00-00-00-00\" alt=\"\" \/><\/div>\n<div id=\"2198376-Grande-205037778_epigrafe\" class=\"embed_epigrafe\">El aeropuerto de Bruselas, tras el atentado<\/div>\n<div id=\"2198376-Grande-205037778_copyright\" class=\"embed_copyright\">Reuters<\/div>\n<\/div>\n<\/div>\n<div>\n<h3 id=\"titleCMS4nqh2jhawfecja80o624l8r529\" class=\"tdCmsTitle1\">\u00a0Divisiones sociales<\/h3>\n<\/div>\n<div>Pero no se puede reducir todo a un problema de inteligencia. Los problemas son m\u00e1s profundos. \u00abEsta <b>naci\u00f3n multiling\u00fce \u2014en el que los ciudadanos hablan franc\u00e9s, holand\u00e9s y alem\u00e1n\u2014est\u00e1 plagada de divisiones sociales y de rivalidad entre las distintas jurisdicciones<\/b>. B\u00e9lgica ha sido objeto de radicalismo pol\u00edtico desde los a\u00f1os 1980, cuando el poder federal se concentr\u00f3 cada vez m\u00e1s en un complejo conjunto de entidades locales y comunales\u00bb, asegur\u00f3 el peri\u00f3dico.<\/div>\n<div><\/div>\n<div>Por ejemplo, <b>Bruselas tiene seis fuerzas policiales<\/b>, cada una de las cuales responde a un alcalde diferente. <b>La informaci\u00f3n no siempre es compartida entre las agencias<\/b>, lo que crea fallas de seguridad.<\/div>\n<div><\/div>\n<div><span id=\"saysCMSEmphasisrdomzzdtklc89xaw3r5ecow29\" class=\"saysCMSEmphasis\">BRUSELAS TIENE SEIS FUERZAS POLICIALES, CADA UNA DE LAS CUALES RESPONDE A UN ALCALDE DIFERENTE<\/span><\/div>\n<div><\/div>\n<div>Adem\u00e1s, pese a ser un semillero yihadista, B\u00e9lgica tiene un aparato de seguridad relativamente peque\u00f1o. Bruselas es el hogar de 2.500 agencias y organizaciones internacionales, incluida la OTAN y de la sede de la Uni\u00f3n Europea. Sin embargo, a nivel nacional, la polic\u00eda federal tiene unos <b>12.000 efectivos<\/b>.<\/div>\n<div><\/div>\n<div>El cierre podr\u00eda ser desopilante, pero es real. \u00abLa polic\u00eda belga tambi\u00e9n se ha visto obstaculizada por <b>reglas bizarras<\/b>. Seg\u00fan el ministro de Justicia belga, dos d\u00edas despu\u00e9s de los ataques de Par\u00eds Abdeslam estaba &#8216;probablemente en un edificio de Molenbeek&#8217;. Pero como <b>el c\u00f3digo penal del pa\u00eds proh\u00edbe raids entre las 9 y las 17<\/b>, salvo que un crimen est\u00e9 en curso o en caso de incendio, la Polic\u00eda debi\u00f3 esperar para perseguirlo. Para entonces,<b> ya nadie sab\u00eda d\u00f3nde estaba Abdeslam<\/b>\u00ab.<\/div>\n<div><\/div>\n<div>F. Infobae.<\/div>\n","protected":false},"excerpt":{"rendered":"<p>Bruselas El doble atentado en Bruselas contra el aeropuerto internacional de Zaventem y la estaci\u00f3n de metro de Maalbeek conmocionaron al mundo entero. Se trat\u00f3, en efecto, del ataque m\u00e1s resonante llevado a cabo por el Estado Isl\u00e1mico (ISIS, por sus siglas en ingl\u00e9s) luego del dram\u00e1tico 13-N de Par\u00eds, que dej\u00f3 130 muertos. Con [&hellip;]<\/p>\n","protected":false},"author":7,"featured_media":45667,"comment_status":"open","ping_status":"open","sticky":false,"template":"","format":"standard","meta":{"footnotes":""},"categories":[40],"tags":[],"class_list":["post-45665","post","type-post","status-publish","format-standard","has-post-thumbnail","hentry","category-internacionales"],"_links":{"self":[{"href":"https:\/\/2horizontes.com\/index.php?rest_route=\/wp\/v2\/posts\/45665","targetHints":{"allow":["GET"]}}],"collection":[{"href":"https:\/\/2horizontes.com\/index.php?rest_route=\/wp\/v2\/posts"}],"about":[{"href":"https:\/\/2horizontes.com\/index.php?rest_route=\/wp\/v2\/types\/post"}],"author":[{"embeddable":true,"href":"https:\/\/2horizontes.com\/index.php?rest_route=\/wp\/v2\/users\/7"}],"replies":[{"embeddable":true,"href":"https:\/\/2horizontes.com\/index.php?rest_route=%2Fwp%2Fv2%2Fcomments&post=45665"}],"version-history":[{"count":1,"href":"https:\/\/2horizontes.com\/index.php?rest_route=\/wp\/v2\/posts\/45665\/revisions"}],"predecessor-version":[{"id":45668,"href":"https:\/\/2horizontes.com\/index.php?rest_route=\/wp\/v2\/posts\/45665\/revisions\/45668"}],"wp:featuredmedia":[{"embeddable":true,"href":"https:\/\/2horizontes.com\/index.php?rest_route=\/wp\/v2\/media\/45667"}],"wp:attachment":[{"href":"https:\/\/2horizontes.com\/index.php?rest_route=%2Fwp%2Fv2%2Fmedia&parent=45665"}],"wp:term":[{"taxonomy":"category","embeddable":true,"href":"https:\/\/2horizontes.com\/index.php?rest_route=%2Fwp%2Fv2%2Fcategories&post=45665"},{"taxonomy":"post_tag","embeddable":true,"href":"https:\/\/2horizontes.com\/index.php?rest_route=%2Fwp%2Fv2%2Ftags&post=45665"}],"curies":[{"name":"wp","href":"https:\/\/api.w.org\/{rel}","templated":true}]}}