{"id":45644,"date":"2016-03-24T19:16:24","date_gmt":"2016-03-24T18:16:24","guid":{"rendered":"http:\/\/2horizontes.com\/?p=45644"},"modified":"2016-03-24T19:16:24","modified_gmt":"2016-03-24T18:16:24","slug":"cinco-anos-de-prision-a-bloguero-por-criticar-al-gobierno-vietnamita","status":"publish","type":"post","link":"https:\/\/2horizontes.com\/?p=45644","title":{"rendered":"Cinco a\u00f1os de prisi\u00f3n a bloguero por criticar al gobierno vietnamita"},"content":{"rendered":"<div id=\"ArticleAuthorDiv\" class=\"article-body-author\"><b>EFE<\/b><\/div>\n<div id=\"ArticleSourceDiv\" class=\"article-body-author\"><b>Bangkok<\/b><\/div>\n<div id=\"ArticleBody\">\n<p>Un tribunal vietnamita conden\u00f3 a penas de prisi\u00f3n a un destacado bloguero y su ayudante por la publicaci\u00f3n de varios art\u00edculos cr\u00edticos con el gobierno comunista, informaron hoy medios locales.<\/p>\n<p>El juez impuso una pena de 5 a\u00f1os a Nguyen Huu Vinh, de 60 a\u00f1os, conocido como Anh Ba Sam, y de 3 a\u00f1os a su asistente, Nguyen Thi Minh Thuy, de 35, seg\u00fan el portal Vietnam Rights Now.<\/p>\n<p>Vinh y su ayudante fueron arrestados en mayo de 2014 acusados de \u00ababusar de las libertades democr\u00e1ticas y violar los intereses del estado\u00bb, cargos de los cuales se declararon no culpables.<\/p>\n<p>La fiscal\u00eda sostuvo que con las opiniones expresadas en su blog Vinh malinterpret\u00f3 la l\u00ednea del partido comunista y socav\u00f3 la confianza p\u00fablica en su liderazgo.<\/p>\n<p>Al emitir la sentencia el juez calific\u00f3 como \u00abpeligrosos\u00bb los actos de los acusados y les recrimin\u00f3 que no admitieran los delitos de los que se les acusaba.<\/p>\n<p>El Estado vietnamita controla todos los medios de comunicaci\u00f3n y ante el creciente auge de internet se aprob\u00f3 en 2013 un decreto que proh\u00edbe la publicaci\u00f3n en la red de material considerado cr\u00edtico con el Ejecutivo o que pueda da\u00f1ar la seguridad nacional.<\/p>\n<p>Vietnam ocup\u00f3 el puesto 175 de 180 en el \u00edndice de libertad de prensa que elabor\u00f3 Reporteros sin Fronteras para el a\u00f1o 2015, s\u00f3lo por delante de China (176), Siria (177), Turkmenist\u00e1n (178), Corea del Norte (179) y Eritrea (180).<\/p>\n<\/div>\n","protected":false},"excerpt":{"rendered":"<p>EFE Bangkok Un tribunal vietnamita conden\u00f3 a penas de prisi\u00f3n a un destacado bloguero y su ayudante por la publicaci\u00f3n de varios art\u00edculos cr\u00edticos con el gobierno comunista, informaron hoy medios locales. El juez impuso una pena de 5 a\u00f1os a Nguyen Huu Vinh, de 60 a\u00f1os, conocido como Anh Ba Sam, y de 3 [&hellip;]<\/p>\n","protected":false},"author":7,"featured_media":45645,"comment_status":"open","ping_status":"open","sticky":false,"template":"","format":"standard","meta":{"footnotes":""},"categories":[40],"tags":[],"class_list":["post-45644","post","type-post","status-publish","format-standard","has-post-thumbnail","hentry","category-internacionales"],"_links":{"self":[{"href":"https:\/\/2horizontes.com\/index.php?rest_route=\/wp\/v2\/posts\/45644","targetHints":{"allow":["GET"]}}],"collection":[{"href":"https:\/\/2horizontes.com\/index.php?rest_route=\/wp\/v2\/posts"}],"about":[{"href":"https:\/\/2horizontes.com\/index.php?rest_route=\/wp\/v2\/types\/post"}],"author":[{"embeddable":true,"href":"https:\/\/2horizontes.com\/index.php?rest_route=\/wp\/v2\/users\/7"}],"replies":[{"embeddable":true,"href":"https:\/\/2horizontes.com\/index.php?rest_route=%2Fwp%2Fv2%2Fcomments&post=45644"}],"version-history":[{"count":1,"href":"https:\/\/2horizontes.com\/index.php?rest_route=\/wp\/v2\/posts\/45644\/revisions"}],"predecessor-version":[{"id":45646,"href":"https:\/\/2horizontes.com\/index.php?rest_route=\/wp\/v2\/posts\/45644\/revisions\/45646"}],"wp:featuredmedia":[{"embeddable":true,"href":"https:\/\/2horizontes.com\/index.php?rest_route=\/wp\/v2\/media\/45645"}],"wp:attachment":[{"href":"https:\/\/2horizontes.com\/index.php?rest_route=%2Fwp%2Fv2%2Fmedia&parent=45644"}],"wp:term":[{"taxonomy":"category","embeddable":true,"href":"https:\/\/2horizontes.com\/index.php?rest_route=%2Fwp%2Fv2%2Fcategories&post=45644"},{"taxonomy":"post_tag","embeddable":true,"href":"https:\/\/2horizontes.com\/index.php?rest_route=%2Fwp%2Fv2%2Ftags&post=45644"}],"curies":[{"name":"wp","href":"https:\/\/api.w.org\/{rel}","templated":true}]}}