{"id":45639,"date":"2016-03-24T19:13:46","date_gmt":"2016-03-24T18:13:46","guid":{"rendered":"http:\/\/2horizontes.com\/?p=45639"},"modified":"2016-03-24T19:13:46","modified_gmt":"2016-03-24T18:13:46","slug":"unicef-alerta-del-impacto-de-guerras-en-el-desarrollo-de-86-millones-de-ninos","status":"publish","type":"post","link":"https:\/\/2horizontes.com\/?p=45639","title":{"rendered":"Unicef alerta del impacto de guerras en el desarrollo de 86 millones de ni\u00f1os"},"content":{"rendered":"<div id=\"ArticleAuthorDiv\" class=\"article-body-author\"><b>EFE<\/b><\/div>\n<div id=\"ArticleSourceDiv\" class=\"article-body-author\"><b>Naciones Unidas<\/b><\/div>\n<div id=\"ArticleBody\">\n<p>M\u00e1s de 86,7 millones de ni\u00f1os menores de 7 a\u00f1os han pasado toda su vida en zonas de conflicto, una situaci\u00f3n que pone en peligro su desarrollo cerebral, denunci\u00f3 hoy Unicef.<\/p>\n<p>La agencia de la ONU para la infancia destac\u00f3 que esos peque\u00f1os se ven a menudo expuestos a \u00abtraumas extremos\u00bb, lo que les pone en riesgo de vivir en un estado de \u00abestr\u00e9s t\u00f3xico\u00bb que inhibe el desarrollo de las conexiones neuronales.<\/p>\n<p>Esas conexiones, que se forjan especialmente en los primeros a\u00f1os de vida, son claves para la salud, bienestar emocional y capacidad de aprendizaje de los ni\u00f1os y su futuro como adultos, seg\u00fan Unicef.<\/p>\n<p>\u00abAdem\u00e1s de las amenazas f\u00edsicas inmediatas a las que se enfrentan los ni\u00f1os en las crisis, tambi\u00e9n est\u00e1n en riesgo de profundas cicatrices emocionales\u00bb, se\u00f1al\u00f3 en un comunicado la jefa de Desarrollo Infantil Temprano de la organizaci\u00f3n, Pia Britto.<\/p>\n<p>Seg\u00fan las cifras de Unicef, 1 de cada 11 ni\u00f1os menores de 7 a\u00f1os que viven en el mundo ha pasado el periodo m\u00e1s importante para su desarrollo cerebral en medio de un conflicto.<\/p>\n<p>\u00abLos conflictos roban a los ni\u00f1os su seguridad, familia y amigos, juegos y rutinas\u00bb, record\u00f3 Britto, que subray\u00f3 que todos esos elementos contribuyen al desarrollo infantil y al aprendizaje.<\/p>\n<p>Por ello, Unicef defendi\u00f3 la necesidad de invertir m\u00e1s para ofrecer a esos menores cuidados y apoyo educativo.<\/p>\n<\/div>\n","protected":false},"excerpt":{"rendered":"<p>EFE Naciones Unidas M\u00e1s de 86,7 millones de ni\u00f1os menores de 7 a\u00f1os han pasado toda su vida en zonas de conflicto, una situaci\u00f3n que pone en peligro su desarrollo cerebral, denunci\u00f3 hoy Unicef. La agencia de la ONU para la infancia destac\u00f3 que esos peque\u00f1os se ven a menudo expuestos a \u00abtraumas extremos\u00bb, lo [&hellip;]<\/p>\n","protected":false},"author":7,"featured_media":45642,"comment_status":"open","ping_status":"open","sticky":false,"template":"","format":"standard","meta":{"footnotes":""},"categories":[40,45],"tags":[],"class_list":["post-45639","post","type-post","status-publish","format-standard","has-post-thumbnail","hentry","category-internacionales","category-salud"],"_links":{"self":[{"href":"https:\/\/2horizontes.com\/index.php?rest_route=\/wp\/v2\/posts\/45639","targetHints":{"allow":["GET"]}}],"collection":[{"href":"https:\/\/2horizontes.com\/index.php?rest_route=\/wp\/v2\/posts"}],"about":[{"href":"https:\/\/2horizontes.com\/index.php?rest_route=\/wp\/v2\/types\/post"}],"author":[{"embeddable":true,"href":"https:\/\/2horizontes.com\/index.php?rest_route=\/wp\/v2\/users\/7"}],"replies":[{"embeddable":true,"href":"https:\/\/2horizontes.com\/index.php?rest_route=%2Fwp%2Fv2%2Fcomments&post=45639"}],"version-history":[{"count":1,"href":"https:\/\/2horizontes.com\/index.php?rest_route=\/wp\/v2\/posts\/45639\/revisions"}],"predecessor-version":[{"id":45643,"href":"https:\/\/2horizontes.com\/index.php?rest_route=\/wp\/v2\/posts\/45639\/revisions\/45643"}],"wp:featuredmedia":[{"embeddable":true,"href":"https:\/\/2horizontes.com\/index.php?rest_route=\/wp\/v2\/media\/45642"}],"wp:attachment":[{"href":"https:\/\/2horizontes.com\/index.php?rest_route=%2Fwp%2Fv2%2Fmedia&parent=45639"}],"wp:term":[{"taxonomy":"category","embeddable":true,"href":"https:\/\/2horizontes.com\/index.php?rest_route=%2Fwp%2Fv2%2Fcategories&post=45639"},{"taxonomy":"post_tag","embeddable":true,"href":"https:\/\/2horizontes.com\/index.php?rest_route=%2Fwp%2Fv2%2Ftags&post=45639"}],"curies":[{"name":"wp","href":"https:\/\/api.w.org\/{rel}","templated":true}]}}