{"id":45635,"date":"2016-03-24T19:09:17","date_gmt":"2016-03-24T18:09:17","guid":{"rendered":"http:\/\/2horizontes.com\/?p=45635"},"modified":"2016-03-24T19:09:17","modified_gmt":"2016-03-24T18:09:17","slug":"el-aeropuerto-de-bruselas-seguira-cerrado-como-minimo-hasta-el-lunes","status":"publish","type":"post","link":"https:\/\/2horizontes.com\/?p=45635","title":{"rendered":"El aeropuerto de Bruselas seguir\u00e1 cerrado como m\u00ednimo hasta el lunes"},"content":{"rendered":"<div id=\"ArticleAuthorDiv\" class=\"article-body-author\"><b>EFE<\/b><\/div>\n<div id=\"ArticleSourceDiv\" class=\"article-body-author\"><b>Bruselas<\/b><\/div>\n<div id=\"ArticleBody\">\n<p>El aeropuerto de Bruselas-Zaventem, donde se produjo uno de los dos atentados de la capital belga el pasado martes, seguir\u00e1 cerrado al tr\u00e1fico de pasajeros al menos hasta el pr\u00f3ximo lunes.<\/p>\n<p>En su cuenta de Twitter, el aeropuerto indic\u00f3 hoy que las operaciones de las aerol\u00edneas comerciales siguen suspendidas hasta el domingo 27 incluido, y pidi\u00f3 a los pasajeros que se pongan en contacto con sus compa\u00f1\u00edas para obtener informaci\u00f3n.<\/p>\n<p>Una portavoz precis\u00f3 a Efe que no pueden siquiera avanzar cu\u00e1ndo estar\u00e1n en disposici\u00f3n de anunciar la reapertura del principal aeropuerto de B\u00e9lgica, con alrededor de 600 vuelos al d\u00eda y entre 50.000 y 60.000 pasajeros.<\/p>\n<p>La portavoz se\u00f1al\u00f3 que la polic\u00eda cient\u00edfica a\u00fan trabaja en la zona de salidas de la terminal donde se produjo la doble explosi\u00f3n, de forma que el personal de Bruselas-Zaventem todav\u00eda no ha podido acceder para evaluar los da\u00f1os estructurales que ha podido sufrir el edificio.<\/p>\n<p>Esa evaluaci\u00f3n \u00abes bastante crucial\u00bb para determinar la reanudaci\u00f3n de la actividad.<\/p>\n<p>Desde ayer s\u00ed que han vuelto a utilizar Bruselas-Zaventem aviones de carga y aviones privados.<\/p>\n<p>Las compa\u00f1\u00edas que normalmente operan all\u00ed han desplazado una parte de sus operaciones a otros aeropuertos de B\u00e9lgica (principalmente Charleroi, Lieja y Amberes), pero tambi\u00e9n del extranjero.<\/p>\n<p>Brussels Airlines, que es la principal de las aerol\u00edneas presentes en Zaventem, con alrededor de 230 vuelos cada d\u00eda, hab\u00eda previsto organizar hoy 44 en Lieja y 20 en Amberes.<\/p>\n<p>Ayer, cinco de sus aviones que deb\u00edan haber volado a Bruselas, aterrizaron finalmente con sus respectivos pasajes en Z\u00farich, en Suiza.<\/p>\n<p>Un total de 31 personas resultaron muertas y 300 heridas en los dos atentados del aeropuerto y del metro de Bruselas.<\/p>\n<\/div>\n<div><\/div>\n","protected":false},"excerpt":{"rendered":"<p>EFE Bruselas El aeropuerto de Bruselas-Zaventem, donde se produjo uno de los dos atentados de la capital belga el pasado martes, seguir\u00e1 cerrado al tr\u00e1fico de pasajeros al menos hasta el pr\u00f3ximo lunes. En su cuenta de Twitter, el aeropuerto indic\u00f3 hoy que las operaciones de las aerol\u00edneas comerciales siguen suspendidas hasta el domingo 27 [&hellip;]<\/p>\n","protected":false},"author":7,"featured_media":45636,"comment_status":"open","ping_status":"open","sticky":false,"template":"","format":"standard","meta":{"footnotes":""},"categories":[40],"tags":[],"class_list":["post-45635","post","type-post","status-publish","format-standard","has-post-thumbnail","hentry","category-internacionales"],"_links":{"self":[{"href":"https:\/\/2horizontes.com\/index.php?rest_route=\/wp\/v2\/posts\/45635","targetHints":{"allow":["GET"]}}],"collection":[{"href":"https:\/\/2horizontes.com\/index.php?rest_route=\/wp\/v2\/posts"}],"about":[{"href":"https:\/\/2horizontes.com\/index.php?rest_route=\/wp\/v2\/types\/post"}],"author":[{"embeddable":true,"href":"https:\/\/2horizontes.com\/index.php?rest_route=\/wp\/v2\/users\/7"}],"replies":[{"embeddable":true,"href":"https:\/\/2horizontes.com\/index.php?rest_route=%2Fwp%2Fv2%2Fcomments&post=45635"}],"version-history":[{"count":1,"href":"https:\/\/2horizontes.com\/index.php?rest_route=\/wp\/v2\/posts\/45635\/revisions"}],"predecessor-version":[{"id":45637,"href":"https:\/\/2horizontes.com\/index.php?rest_route=\/wp\/v2\/posts\/45635\/revisions\/45637"}],"wp:featuredmedia":[{"embeddable":true,"href":"https:\/\/2horizontes.com\/index.php?rest_route=\/wp\/v2\/media\/45636"}],"wp:attachment":[{"href":"https:\/\/2horizontes.com\/index.php?rest_route=%2Fwp%2Fv2%2Fmedia&parent=45635"}],"wp:term":[{"taxonomy":"category","embeddable":true,"href":"https:\/\/2horizontes.com\/index.php?rest_route=%2Fwp%2Fv2%2Fcategories&post=45635"},{"taxonomy":"post_tag","embeddable":true,"href":"https:\/\/2horizontes.com\/index.php?rest_route=%2Fwp%2Fv2%2Ftags&post=45635"}],"curies":[{"name":"wp","href":"https:\/\/api.w.org\/{rel}","templated":true}]}}