{"id":45627,"date":"2016-03-24T19:01:11","date_gmt":"2016-03-24T18:01:11","guid":{"rendered":"http:\/\/2horizontes.com\/?p=45627"},"modified":"2016-03-24T19:01:11","modified_gmt":"2016-03-24T18:01:11","slug":"tres-dominicanos-resultaron-heridos-en-atentados-de-bruselas","status":"publish","type":"post","link":"https:\/\/2horizontes.com\/?p=45627","title":{"rendered":"Tres dominicanos resultaron heridos en atentados de Bruselas"},"content":{"rendered":"<p>BRUSELAS.- La embajada de la Rep\u00fablica Dominicana en Bruselas identific\u00f3 a 3 de los 4 dominicanos que resultaron heridos en los atentados en el aeropuerto de Zaventern, en Bruselas.<\/p>\n<p>Se trata de Manuel Antonio Mart\u00ednez, Austria Antonia Duval Sierra y el hijo de \u00e9sta \u00faltima, Kelvin Osvaldo Ledesma Duval.<\/p>\n<p>La Embajada dijo que Mart\u00ednez, quien labora en el \u00e1rea de seguridad de la referida terminal, result\u00f3 con fracturas graves en las piernas y quemaduras en un brazo, por lo que fue ingresado en el Hospital General de Vilvooerle, donde informaron que su condici\u00f3n es estable.<\/p>\n<p>Explic\u00f3 que Mart\u00ednez fue operado de una pierna y que este viernes ser\u00e1 sometido a otra cirug\u00eda por la gravedad de la lesi\u00f3n.<\/p>\n<p>Agreg\u00f3 que Ledesma Duval sufri\u00f3 quemaduras y fue ingresado en condici\u00f3n estable en el Hospital Infantil de Leuven.<\/p>\n<p>\u201cEstamos dando estricto seguimiento a este lamentable hecho para determinar si hubo alg\u00fan otro herido de nacionalidad dominicana y darle la debida asistencia\u201d, indic\u00f3 la Embajada en un comunicado.<\/p>\n<p>A\u00f1adi\u00f3 que \u201cexiste la informaci\u00f3n de un cuarto dominicano herido, del que hasta el momento no tenemos detalles y trabajamos en identificarlo\u201d.<\/p>\n","protected":false},"excerpt":{"rendered":"<p>BRUSELAS.- La embajada de la Rep\u00fablica Dominicana en Bruselas identific\u00f3 a 3 de los 4 dominicanos que resultaron heridos en los atentados en el aeropuerto de Zaventern, en Bruselas. Se trata de Manuel Antonio Mart\u00ednez, Austria Antonia Duval Sierra y el hijo de \u00e9sta \u00faltima, Kelvin Osvaldo Ledesma Duval. La Embajada dijo que Mart\u00ednez, quien [&hellip;]<\/p>\n","protected":false},"author":4,"featured_media":45628,"comment_status":"open","ping_status":"open","sticky":false,"template":"","format":"standard","meta":{"footnotes":""},"categories":[54,86,40],"tags":[],"class_list":["post-45627","post","type-post","status-publish","format-standard","has-post-thumbnail","hentry","category-emigrantes","category-europa","category-internacionales"],"_links":{"self":[{"href":"https:\/\/2horizontes.com\/index.php?rest_route=\/wp\/v2\/posts\/45627","targetHints":{"allow":["GET"]}}],"collection":[{"href":"https:\/\/2horizontes.com\/index.php?rest_route=\/wp\/v2\/posts"}],"about":[{"href":"https:\/\/2horizontes.com\/index.php?rest_route=\/wp\/v2\/types\/post"}],"author":[{"embeddable":true,"href":"https:\/\/2horizontes.com\/index.php?rest_route=\/wp\/v2\/users\/4"}],"replies":[{"embeddable":true,"href":"https:\/\/2horizontes.com\/index.php?rest_route=%2Fwp%2Fv2%2Fcomments&post=45627"}],"version-history":[{"count":1,"href":"https:\/\/2horizontes.com\/index.php?rest_route=\/wp\/v2\/posts\/45627\/revisions"}],"predecessor-version":[{"id":45629,"href":"https:\/\/2horizontes.com\/index.php?rest_route=\/wp\/v2\/posts\/45627\/revisions\/45629"}],"wp:featuredmedia":[{"embeddable":true,"href":"https:\/\/2horizontes.com\/index.php?rest_route=\/wp\/v2\/media\/45628"}],"wp:attachment":[{"href":"https:\/\/2horizontes.com\/index.php?rest_route=%2Fwp%2Fv2%2Fmedia&parent=45627"}],"wp:term":[{"taxonomy":"category","embeddable":true,"href":"https:\/\/2horizontes.com\/index.php?rest_route=%2Fwp%2Fv2%2Fcategories&post=45627"},{"taxonomy":"post_tag","embeddable":true,"href":"https:\/\/2horizontes.com\/index.php?rest_route=%2Fwp%2Fv2%2Ftags&post=45627"}],"curies":[{"name":"wp","href":"https:\/\/api.w.org\/{rel}","templated":true}]}}