{"id":4562,"date":"2015-04-08T21:01:14","date_gmt":"2015-04-08T21:01:14","guid":{"rendered":"http:\/\/2horizontes.com\/?p=4562"},"modified":"2015-04-08T22:32:22","modified_gmt":"2015-04-08T22:32:22","slug":"la-mujer-que-robo-un-bebe-cumplira-condena-en-un-psiquiatrico","status":"publish","type":"post","link":"https:\/\/2horizontes.com\/?p=4562","title":{"rendered":"La mujer que rob\u00f3 un beb\u00e9 cumplira condena en un psiqui\u00e1trico"},"content":{"rendered":"<p><a href=\"http:\/\/2horizontes.com\/wp-content\/uploads\/2015\/04\/klop1.jpg\"><img loading=\"lazy\" decoding=\"async\" class=\" size-medium wp-image-4597 alignleft\" src=\"http:\/\/2horizontes.com\/wp-content\/uploads\/2015\/04\/klop1-300x199.jpg\" alt=\"klop\" width=\"300\" height=\"199\" srcset=\"https:\/\/2horizontes.com\/wp-content\/uploads\/2015\/04\/klop1-300x199.jpg 300w, https:\/\/2horizontes.com\/wp-content\/uploads\/2015\/04\/klop1-510x338.jpg 510w, https:\/\/2horizontes.com\/wp-content\/uploads\/2015\/04\/klop1.jpg 770w\" sizes=\"auto, (max-width: 300px) 100vw, 300px\" \/><\/a>San Sebasti\u00e1n.-La mujer que se llev\u00f3 una reci\u00e9n nacida del Hospital Donostia en 2012\u00a0ha sido condenada a cuatro a\u00f1os de prisi\u00f3n, que deber\u00e1 cumplir en un \u00abestablecimiento adecuado\u00bb donde recibir\u00e1 tratamiento m\u00e9dico para los trastornos bipolar y l\u00edmite de la personalidad que padece.<\/p>\n<p><!--more--><\/p>\n<p>Seg\u00fan la sentencia de la Audiencia de Gipuzkoa, la evaluaci\u00f3n del mantenimiento o modificaci\u00f3n de esa medida de internamiento se realizar\u00e1, al menos, una vez al a\u00f1o. Despu\u00e9s de que finalice su internamiento psiqui\u00e1trico, si a\u00fan existiera pena de prisi\u00f3n por cumplir, el tribunal decidir\u00e1 si procede su ingreso en la c\u00e1rcel o la suspensi\u00f3n o sustituci\u00f3n de la condena por una medida de seguridad no privativa de libertad.<\/p>\n<p>La acusada, que fue juzgada el pasado 10 de marzo, tendr\u00e1 que indemnizar adem\u00e1s a los padres de la peque\u00f1a, que ejercieron la acusaci\u00f3n particular representados por el abogado Rub\u00e9n M\u00fagica, con 6.000 euros por el \u00abda\u00f1o moral\u00bb causado.<\/p>\n<p>El tribunal ha apreciado por tanto la atenuante cualificada de alteraci\u00f3n o \u00abanomal\u00eda ps\u00edquica\u00bb en la procesada, para la que la acusaci\u00f3n particular hab\u00eda solicitado seis a\u00f1os de c\u00e1rcel y el fiscal tres a\u00f1os y tres meses de c\u00e1rcel.<\/p>\n<p>Los jueces consideran probado que la mujer cometi\u00f3 un delito de detenci\u00f3n ilegal cuando en la madrugada del 25 de septiembre de 2012 sustrajo a la ni\u00f1a, que hab\u00eda nacido dos d\u00edas antes, de una habitaci\u00f3n de la cuarta planta del Hospital Donostia mientras sus padres estaban dormidos.<\/p>\n<p>Para ello, se present\u00f3 ante la otra pareja que ocupaba el cuarto con su reci\u00e9n nacido como la hermana de la madre de la ni\u00f1a, a la que dijo que deb\u00eda llevar a su sobrina a practicarle una prueba m\u00e9dica. Despu\u00e9s, tom\u00f3 un taxi en el exterior del hospital y tras llegar al barrio de Herrera, se desplaz\u00f3 al Ayuntamiento, donde pidi\u00f3 pa\u00f1ales y comida para el beb\u00e9 a un guardia municipal, a quien asegur\u00f3 que se trataba de su hija.<\/p>\n<p>El polic\u00eda, que ya sab\u00eda que hab\u00eda sido sustra\u00edda una ni\u00f1a del centro sanitario, avis\u00f3 a una dotaci\u00f3n y los dos agentes que acudieron al consistorio lograron que la mujer les entregase el beb\u00e9, tras lo cual fue detenida.<\/p>\n<p>La Audiencia de Gipuzkoa da tambi\u00e9n por probado que la mujer, de 29 a\u00f1os, sufre un trastorno bipolar y un trastorno l\u00edmite de la personalidad.<\/p>\n<p>El tribunal entiende que el d\u00eda que sustrajo a la ni\u00f1a \u00abcomprend\u00eda que lo que estaba haciendo era il\u00edcito\u00bb, pero a\u00f1ade que sin embargo \u00abten\u00eda limitada de forma relevante su aptitud para actuar de forma l\u00edcita dado que, alimentada por la patolog\u00eda que padec\u00eda (&#8230;), actuaba impulsada por la necesidad de colmar el vac\u00edo existencial que padec\u00eda por lo que sent\u00eda como la p\u00e9rdida de su hija\u00bb.<\/p>\n","protected":false},"excerpt":{"rendered":"<p>San Sebasti\u00e1n.-La mujer que se llev\u00f3 una reci\u00e9n nacida del Hospital Donostia en 2012\u00a0ha sido condenada a cuatro a\u00f1os de prisi\u00f3n, que deber\u00e1 cumplir en un \u00abestablecimiento adecuado\u00bb donde recibir\u00e1 tratamiento m\u00e9dico para los trastornos bipolar y l\u00edmite de la personalidad que padece.<\/p>\n","protected":false},"author":2,"featured_media":0,"comment_status":"open","ping_status":"open","sticky":false,"template":"","format":"standard","meta":{"footnotes":""},"categories":[40],"tags":[],"class_list":["post-4562","post","type-post","status-publish","format-standard","hentry","category-internacionales"],"_links":{"self":[{"href":"https:\/\/2horizontes.com\/index.php?rest_route=\/wp\/v2\/posts\/4562","targetHints":{"allow":["GET"]}}],"collection":[{"href":"https:\/\/2horizontes.com\/index.php?rest_route=\/wp\/v2\/posts"}],"about":[{"href":"https:\/\/2horizontes.com\/index.php?rest_route=\/wp\/v2\/types\/post"}],"author":[{"embeddable":true,"href":"https:\/\/2horizontes.com\/index.php?rest_route=\/wp\/v2\/users\/2"}],"replies":[{"embeddable":true,"href":"https:\/\/2horizontes.com\/index.php?rest_route=%2Fwp%2Fv2%2Fcomments&post=4562"}],"version-history":[{"count":5,"href":"https:\/\/2horizontes.com\/index.php?rest_route=\/wp\/v2\/posts\/4562\/revisions"}],"predecessor-version":[{"id":4598,"href":"https:\/\/2horizontes.com\/index.php?rest_route=\/wp\/v2\/posts\/4562\/revisions\/4598"}],"wp:attachment":[{"href":"https:\/\/2horizontes.com\/index.php?rest_route=%2Fwp%2Fv2%2Fmedia&parent=4562"}],"wp:term":[{"taxonomy":"category","embeddable":true,"href":"https:\/\/2horizontes.com\/index.php?rest_route=%2Fwp%2Fv2%2Fcategories&post=4562"},{"taxonomy":"post_tag","embeddable":true,"href":"https:\/\/2horizontes.com\/index.php?rest_route=%2Fwp%2Fv2%2Ftags&post=4562"}],"curies":[{"name":"wp","href":"https:\/\/api.w.org\/{rel}","templated":true}]}}